{"id":3130,"date":"2015-04-02T06:00:00","date_gmt":"2015-04-02T06:00:00","guid":{"rendered":"http:\/\/plazajuarez.mx\/index\/index.php\/2015\/04\/02\/desconoce-juridico-aviso-legal-del-inba-para-intervenir-plaza-independencia\/"},"modified":"2015-04-02T06:00:00","modified_gmt":"2015-04-02T06:00:00","slug":"desconoce-juridico-aviso-legal-del-inba-para-intervenir-plaza-independencia","status":"publish","type":"post","link":"https:\/\/plazajuarez.mx\/historico\/desconoce-juridico-aviso-legal-del-inba-para-intervenir-plaza-independencia\/","title":{"rendered":"Desconoce jur\u00eddico aviso legal del INBA  para intervenir Plaza Independencia"},"content":{"rendered":"<ul>\n<li>Asegura se cumple con la normatividad solicitada<\/li>\n<li>Trabajos ejercidos son de seguridad y t\u00e9cnica, no de est\u00e9tica <!--more--> <\/li>\n<\/ul>\n<p>Norberto Lira Gonz\u00e1lez, director jur\u00eddico del municipio de Pachuca dijo desconocer los avisos legales que Instituto Nacional de Bellas Artes (INBA) hiciera llegar al ayuntamiento para suspender los trabajos de remodelaci\u00f3n de la Plaza Independencia, ya que afirm\u00f3 se cumpli\u00f3 con toda la normatividad requerida.<\/p>\n<p>\u00a0<\/p>\n<p>\u201cNo hubo desacato del aviso, desconozco bajo qu\u00e9 condiciones se haya mandado el aviso; al final de cuentas creo que no, porque se cuid\u00f3 todo el aspecto normativo y legal. Ser\u00eda muy dif\u00edcil que nosotros incurri\u00e9ramos en algo con conocimiento de que hay un desacato\u201d asever\u00f3 el funcionario municipal.<\/p>\n<p>\u00a0<\/p>\n<p>Detall\u00f3 que entre los aspectos que desde su jurisprudencia se vigilaron, est\u00e1 el\u00a0 cuidar la zona protegida del Reloj, cuidar los decretos que haya en cada aspecto y qui\u00e9n tiene facultades para vigilar lo que son las normas, \u201ces todo lo normativo que nosotros como jur\u00eddico nos corresponde\u201d.<\/p>\n<p>\u00a0<\/p>\n<p>Agreg\u00f3 que el indicado para dar a conocer la informaci\u00f3n del proyecto y si se incurre en alguna falta es Jos\u00e9 Luis Gallegos, responsable y director general del proyecto de remodelaci\u00f3n, \u201cen lo que refiere a la cuesti\u00f3n normativa sobre ejercer obras en el Reloj Monumental, nosotros s\u00ed hemos cuidado ese aspecto; ya en lo que interfiere a las formas que se le den y al aspecto, eso ya ser\u00e1 responsabilidad de quien tenga que cuidar eso, que para eso se constituy\u00f3 una comisi\u00f3n\u201d.<\/p>\n<p>\u00a0<\/p>\n<p>Por su parte, Jos\u00e9 Francisco Olvera Ruiz, gobernador de Hidalgo, coment\u00f3 que \u201cdesconoc\u00eda\u201d el problema y los documentos emitidos, sin embargo, asegur\u00f3 que la plaza no cuenta con un valor hist\u00f3rico, por lo que considera que la participaci\u00f3n del INBA es innecesaria.<\/p>\n<p>\u00a0<\/p>\n<p>\u201cLa verdad es que de momento no me imagino qu\u00e9 tenga que ver el INBA, porque la plaza no tiene ning\u00fan valor hist\u00f3rico, ning\u00fan valor arquitect\u00f3nico, lo tiene el reloj y eso s\u00ed es algo intocable, pero el resto de la plaza no tiene mucho valor\u201d.<\/p>\n<p>\u00a0<\/p>\n<p>El ejecutivo estatal a\u00f1adi\u00f3 que los trabajos realizados a la plancha del Reloj Monumental, m\u00e1s que est\u00e9ticos son por seguridad y t\u00e9cnicos, pero adelant\u00f3 que de proceder los oficios del INBA, el ayuntamiento y el gobierno del estado habr\u00e1n de acatar las sanciones.<\/p>\n","protected":false},"excerpt":{"rendered":"<p>Asegura se cumple con la normatividad solicitada Trabajos ejercidos son de seguridad y t\u00e9cnica, no de est\u00e9tica<\/p>\n","protected":false},"author":93,"featured_media":0,"comment_status":"open","ping_status":"open","sticky":false,"template":"","format":"standard","meta":{"footnotes":""},"categories":[59],"tags":[],"class_list":["post-3130","post","type-post","status-publish","format-standard","hentry","category-general"],"_links":{"self":[{"href":"https:\/\/plazajuarez.mx\/historico\/wp-json\/wp\/v2\/posts\/3130","targetHints":{"allow":["GET"]}}],"collection":[{"href":"https:\/\/plazajuarez.mx\/historico\/wp-json\/wp\/v2\/posts"}],"about":[{"href":"https:\/\/plazajuarez.mx\/historico\/wp-json\/wp\/v2\/types\/post"}],"author":[{"embeddable":true,"href":"https:\/\/plazajuarez.mx\/historico\/wp-json\/wp\/v2\/users\/93"}],"replies":[{"embeddable":true,"href":"https:\/\/plazajuarez.mx\/historico\/wp-json\/wp\/v2\/comments?post=3130"}],"version-history":[{"count":0,"href":"https:\/\/plazajuarez.mx\/historico\/wp-json\/wp\/v2\/posts\/3130\/revisions"}],"wp:attachment":[{"href":"https:\/\/plazajuarez.mx\/historico\/wp-json\/wp\/v2\/media?parent=3130"}],"wp:term":[{"taxonomy":"category","embeddable":true,"href":"https:\/\/plazajuarez.mx\/historico\/wp-json\/wp\/v2\/categories?post=3130"},{"taxonomy":"post_tag","embeddable":true,"href":"https:\/\/plazajuarez.mx\/historico\/wp-json\/wp\/v2\/tags?post=3130"}],"curies":[{"name":"wp","href":"https:\/\/api.w.org\/{rel}","templated":true}]}}