{"id":3120,"date":"2015-04-01T06:00:00","date_gmt":"2015-04-01T06:00:00","guid":{"rendered":"http:\/\/plazajuarez.mx\/index\/index.php\/2015\/04\/01\/vicente-fernandez-sale-del-hospital\/"},"modified":"2015-04-01T06:00:00","modified_gmt":"2015-04-01T06:00:00","slug":"vicente-fernandez-sale-del-hospital","status":"publish","type":"post","link":"https:\/\/plazajuarez.mx\/historico\/vicente-fernandez-sale-del-hospital\/","title":{"rendered":"Vicente Fern\u00e1ndez sale del hospital"},"content":{"rendered":"<p>El cantante Vicente Fern\u00e1ndez sali\u00f3 el d\u00eda de ayer al mediod\u00eda del hospital en Guadalajara donde el pasado 22 de marzo se someti\u00f3 a una intervenci\u00f3n abdominal.<\/p>\n<p>  <!--more-->  <\/p>\n<p>\u00a0<\/p>\n<p>El cantante fue trasladado a su rancho Los Tres Potrillos, en Jalisco, para continuar son su recuperaci\u00f3n.<\/p>\n<p>El fin de semana el hijo del cantante dio a conocer que hab\u00eda sido intervenido y que se encontraba bien.<\/p>\n<p>Despu\u00e9s explic\u00f3 que la operaci\u00f3n estaba programada desde hace tiempo y era para retirar una hernia, pero al momento de la intervenci\u00f3n los m\u00e9dicos notaron dos hernias m\u00e1s.<\/p>\n<p>A\u00fan no se sabe cu\u00e1ndo ser\u00e1 dado de alta totalmente.<\/p>\n","protected":false},"excerpt":{"rendered":"<p>El cantante Vicente Fern\u00e1ndez sali\u00f3 el d\u00eda de ayer al mediod\u00eda del hospital en Guadalajara donde el pasado 22 de marzo se someti\u00f3 a una intervenci\u00f3n abdominal.<\/p>\n","protected":false},"author":93,"featured_media":0,"comment_status":"open","ping_status":"open","sticky":false,"template":"","format":"standard","meta":{"footnotes":""},"categories":[38],"tags":[],"class_list":["post-3120","post","type-post","status-publish","format-standard","hentry","category-show"],"_links":{"self":[{"href":"https:\/\/plazajuarez.mx\/historico\/wp-json\/wp\/v2\/posts\/3120","targetHints":{"allow":["GET"]}}],"collection":[{"href":"https:\/\/plazajuarez.mx\/historico\/wp-json\/wp\/v2\/posts"}],"about":[{"href":"https:\/\/plazajuarez.mx\/historico\/wp-json\/wp\/v2\/types\/post"}],"author":[{"embeddable":true,"href":"https:\/\/plazajuarez.mx\/historico\/wp-json\/wp\/v2\/users\/93"}],"replies":[{"embeddable":true,"href":"https:\/\/plazajuarez.mx\/historico\/wp-json\/wp\/v2\/comments?post=3120"}],"version-history":[{"count":0,"href":"https:\/\/plazajuarez.mx\/historico\/wp-json\/wp\/v2\/posts\/3120\/revisions"}],"wp:attachment":[{"href":"https:\/\/plazajuarez.mx\/historico\/wp-json\/wp\/v2\/media?parent=3120"}],"wp:term":[{"taxonomy":"category","embeddable":true,"href":"https:\/\/plazajuarez.mx\/historico\/wp-json\/wp\/v2\/categories?post=3120"},{"taxonomy":"post_tag","embeddable":true,"href":"https:\/\/plazajuarez.mx\/historico\/wp-json\/wp\/v2\/tags?post=3120"}],"curies":[{"name":"wp","href":"https:\/\/api.w.org\/{rel}","templated":true}]}}