{"id":31165,"date":"2016-11-03T15:04:57","date_gmt":"2016-11-03T15:04:57","guid":{"rendered":"http:\/\/plazajuarez.mx\/index\/index.php\/2016\/11\/03\/anuncian-llegada-de-policia-federal-a-tamaulipas\/"},"modified":"2016-11-03T15:04:57","modified_gmt":"2016-11-03T15:04:57","slug":"anuncian-llegada-de-policia-federal-a-tamaulipas","status":"publish","type":"post","link":"https:\/\/plazajuarez.mx\/historico\/anuncian-llegada-de-policia-federal-a-tamaulipas\/","title":{"rendered":"Anuncian llegada de Polic\u00eda Federal a Tamaulipas"},"content":{"rendered":"<p>El gobernador Francisco Garc\u00eda Cabeza de Vaca asegur\u00f3 que hay un acuerdo para que a partir de este mes lleguen elementos de la Polic\u00eda Federal a Tamaulipas. \u201cEstamos viendo las cantidades, existen ya las pl\u00e1ticas y el compromiso de que nos manden fuerzas federales, en este caso de la Polic\u00eda Federal\u201d, dijo el mandatario al llegar esta ma\u00f1ana a palacio de gobierno.<\/p>\n<p>  <!--more-->  <\/p>\n<p>Explic\u00f3 que la llegada de elementos ser\u00e1 en las pr\u00f3ximas semanas, en este mismo mes de noviembre, \u201cno me queda la menor duda que se va a complementar con los cambios que hemos hecho en Seguridad P\u00fablica y en la Procuradur\u00eda, que nos va a permitir unir esfuerzos\u201d.<br \/>Dijo que se habla mucho de coordinaci\u00f3n, pero consider\u00f3 que ese t\u00e9rmino debe ir m\u00e1s de la mano a comunicaci\u00f3n, \u201ces precisamente lo que vamos a hacer, habr\u00e1 una comunicaci\u00f3n m\u00e1s estrecha en todas las \u00e1reas de seguridad, para poder combatir la violencia y la inseguridad\u201d.<\/p>\n","protected":false},"excerpt":{"rendered":"<p>El gobernador Francisco Garc\u00eda Cabeza de Vaca asegur\u00f3 que hay un acuerdo para que a partir de este mes lleguen elementos de la Polic\u00eda Federal a Tamaulipas. \u201cEstamos viendo las cantidades, existen ya las pl\u00e1ticas y el compromiso de que nos manden fuerzas federales, en este caso de la Polic\u00eda Federal\u201d, dijo el mandatario al [&hellip;]<\/p>\n","protected":false},"author":93,"featured_media":0,"comment_status":"open","ping_status":"open","sticky":false,"template":"","format":"standard","meta":{"footnotes":""},"categories":[36],"tags":[],"class_list":["post-31165","post","type-post","status-publish","format-standard","hentry","category-nacion"],"_links":{"self":[{"href":"https:\/\/plazajuarez.mx\/historico\/wp-json\/wp\/v2\/posts\/31165","targetHints":{"allow":["GET"]}}],"collection":[{"href":"https:\/\/plazajuarez.mx\/historico\/wp-json\/wp\/v2\/posts"}],"about":[{"href":"https:\/\/plazajuarez.mx\/historico\/wp-json\/wp\/v2\/types\/post"}],"author":[{"embeddable":true,"href":"https:\/\/plazajuarez.mx\/historico\/wp-json\/wp\/v2\/users\/93"}],"replies":[{"embeddable":true,"href":"https:\/\/plazajuarez.mx\/historico\/wp-json\/wp\/v2\/comments?post=31165"}],"version-history":[{"count":0,"href":"https:\/\/plazajuarez.mx\/historico\/wp-json\/wp\/v2\/posts\/31165\/revisions"}],"wp:attachment":[{"href":"https:\/\/plazajuarez.mx\/historico\/wp-json\/wp\/v2\/media?parent=31165"}],"wp:term":[{"taxonomy":"category","embeddable":true,"href":"https:\/\/plazajuarez.mx\/historico\/wp-json\/wp\/v2\/categories?post=31165"},{"taxonomy":"post_tag","embeddable":true,"href":"https:\/\/plazajuarez.mx\/historico\/wp-json\/wp\/v2\/tags?post=31165"}],"curies":[{"name":"wp","href":"https:\/\/api.w.org\/{rel}","templated":true}]}}