{"id":31163,"date":"2016-11-03T15:04:09","date_gmt":"2016-11-03T15:04:09","guid":{"rendered":"http:\/\/plazajuarez.mx\/index\/index.php\/2016\/11\/03\/senadores-piden-respeto-a-libertad-de-expresion\/"},"modified":"2016-11-03T15:04:09","modified_gmt":"2016-11-03T15:04:09","slug":"senadores-piden-respeto-a-libertad-de-expresion","status":"publish","type":"post","link":"https:\/\/plazajuarez.mx\/historico\/senadores-piden-respeto-a-libertad-de-expresion\/","title":{"rendered":"Senadores piden respeto a libertad de expresi\u00f3n"},"content":{"rendered":"<p>Pronunciamiento de PRI, PAN y PRD<\/p>\n<p>  <!--more-->  <\/p>\n<p>Las bancadas del PRI, PAN y PRD en el Senado se pronunciaron porque se respete, de manera irrestricta, la libertad de expresi\u00f3n en la resoluci\u00f3n sobre derecho de r\u00e9plica que emita la Suprema Corte, con un fallo equilibrado.<br \/>La presidenta de la Comisi\u00f3n de Gobernaci\u00f3n, Cristina D\u00edaz Salazar, dijo: \u201cEn el PRI defendemos la libertad de expresi\u00f3n, que es una conquista de la sociedad, y forma parte de una democracia moderna\u201d.<br \/>El presidente de la Comisi\u00f3n de Comunicaciones y Transportes, Javier Lozano Alarc\u00f3n (PAN), expres\u00f3 que conf\u00eda en que la Corte ser\u00e1 sensata y equilibrada en su resoluci\u00f3n y que entender\u00e1 las razones de ser de la Ley de R\u00e9plica y lo que expongan los ministros, sin duda, \u201cayudar\u00e1 a complementar la ley\u201d, de la que es uno de los autores, dijo.<br \/>La presidenta de la Comisi\u00f3n de Derechos Humanos del Senado, Ang\u00e9lica de la Pe\u00f1a (PRD), llam\u00f3 al pleno de la SCJN a que en su revisi\u00f3n del derecho de r\u00e9plica tenga cuidado de preservar la libertad de expresi\u00f3n.<br \/>Propuso \u201crevisar la Ley de R\u00e9plica para que se proteja de manera debida a las personas y que se plantee que los medios de comunicaci\u00f3n tengan sus propios controles, c\u00f3digos de \u00e9tica que son necesarios en el cumplimiento de su funci\u00f3n social de informar\u201d.<\/p>\n","protected":false},"excerpt":{"rendered":"<p>Pronunciamiento de PRI, PAN y PRD<\/p>\n","protected":false},"author":93,"featured_media":0,"comment_status":"open","ping_status":"open","sticky":false,"template":"","format":"standard","meta":{"footnotes":""},"categories":[36],"tags":[],"class_list":["post-31163","post","type-post","status-publish","format-standard","hentry","category-nacion"],"_links":{"self":[{"href":"https:\/\/plazajuarez.mx\/historico\/wp-json\/wp\/v2\/posts\/31163","targetHints":{"allow":["GET"]}}],"collection":[{"href":"https:\/\/plazajuarez.mx\/historico\/wp-json\/wp\/v2\/posts"}],"about":[{"href":"https:\/\/plazajuarez.mx\/historico\/wp-json\/wp\/v2\/types\/post"}],"author":[{"embeddable":true,"href":"https:\/\/plazajuarez.mx\/historico\/wp-json\/wp\/v2\/users\/93"}],"replies":[{"embeddable":true,"href":"https:\/\/plazajuarez.mx\/historico\/wp-json\/wp\/v2\/comments?post=31163"}],"version-history":[{"count":0,"href":"https:\/\/plazajuarez.mx\/historico\/wp-json\/wp\/v2\/posts\/31163\/revisions"}],"wp:attachment":[{"href":"https:\/\/plazajuarez.mx\/historico\/wp-json\/wp\/v2\/media?parent=31163"}],"wp:term":[{"taxonomy":"category","embeddable":true,"href":"https:\/\/plazajuarez.mx\/historico\/wp-json\/wp\/v2\/categories?post=31163"},{"taxonomy":"post_tag","embeddable":true,"href":"https:\/\/plazajuarez.mx\/historico\/wp-json\/wp\/v2\/tags?post=31163"}],"curies":[{"name":"wp","href":"https:\/\/api.w.org\/{rel}","templated":true}]}}