{"id":3114,"date":"2015-04-01T06:00:00","date_gmt":"2015-04-01T06:00:00","guid":{"rendered":"http:\/\/plazajuarez.mx\/index\/index.php\/2015\/04\/01\/inaceptable-que-sre-rechace-informes-de-onu-sobre-tortura-ong\/"},"modified":"2015-04-01T06:00:00","modified_gmt":"2015-04-01T06:00:00","slug":"inaceptable-que-sre-rechace-informes-de-onu-sobre-tortura-ong","status":"publish","type":"post","link":"https:\/\/plazajuarez.mx\/historico\/inaceptable-que-sre-rechace-informes-de-onu-sobre-tortura-ong\/","title":{"rendered":"Inaceptable, que SRE rechace informes  de ONU sobre tortura: ONG"},"content":{"rendered":"<p>M\u00e9xico, DF.- Diversas organizaciones nacionales e internacionales le enviaron una carta al presidente Enrique Pe\u00f1a Nieto para expresar su &#8220;rechazo y preocupaci\u00f3n&#8221; ante las recientes declaraciones de funcionarios de la Secretar\u00eda de Relaciones Exteriores (SRE) en relaci\u00f3n a los Informes del Relator Especial de Naciones Unidas sobre tortura, Juan M\u00e9ndez, y del Comit\u00e9 contra la Desaparici\u00f3n Forzada de las Naciones Unidas.<\/p>\n<p>  <!--more-->  <\/p>\n<p>\u00a0<\/p>\n<p>En la misiva, los colectivos firmantes &#8211;entre ellos Art\u00edculo 19, el Colectivo contra la Tortura y la Impunidad y la Organizaci\u00f3n Mundial contra la Tortura&#8211; se refirieron en particular a lo dicho por Juan Manuel G\u00f3mez Robledo, subsecretario para Asuntos Multilaterales y Derechos Humanos, quien calific\u00f3 el Informe del Relator sobre tortura como \u201cno profesional y poco \u00e9tico\u201d, y recibi\u00f3 el apoyo del canciller Jos\u00e9 Antonio Meade.<\/p>\n<p>&#8220;Es inaceptable que la SRE rechace que la tortura sea generalizada en M\u00e9xico sin sustentar sus afirmaciones y sin explicar no solamente el alarmante aumento del n\u00famero de quejas registradas por tortura y malos tratos por la Comisi\u00f3n Nacional de Derechos Humanos y las Comisiones Estatales de Derechos Humanos desde 2006, as\u00ed como el incremento de averiguaciones previas iniciadas por la Procuradur\u00eda General de la Rep\u00fablica por este delito; sino el hecho de que los innumerables casos documentados dan cuenta de patrones de conducta que se repiten diariamente en el pa\u00eds&#8221;, indicaron las organizaciones de derechos humanos.\u00a0 (Agencias)<\/p>\n","protected":false},"excerpt":{"rendered":"<p>M\u00e9xico, DF.- Diversas organizaciones nacionales e internacionales le enviaron una carta al presidente Enrique Pe\u00f1a Nieto para expresar su &#8220;rechazo y preocupaci\u00f3n&#8221; ante las recientes declaraciones de funcionarios de la Secretar\u00eda de Relaciones Exteriores (SRE) en relaci\u00f3n a los Informes del Relator Especial de Naciones Unidas sobre tortura, Juan M\u00e9ndez, y del Comit\u00e9 contra la [&hellip;]<\/p>\n","protected":false},"author":93,"featured_media":0,"comment_status":"open","ping_status":"open","sticky":false,"template":"","format":"standard","meta":{"footnotes":""},"categories":[36],"tags":[],"class_list":["post-3114","post","type-post","status-publish","format-standard","hentry","category-nacion"],"_links":{"self":[{"href":"https:\/\/plazajuarez.mx\/historico\/wp-json\/wp\/v2\/posts\/3114","targetHints":{"allow":["GET"]}}],"collection":[{"href":"https:\/\/plazajuarez.mx\/historico\/wp-json\/wp\/v2\/posts"}],"about":[{"href":"https:\/\/plazajuarez.mx\/historico\/wp-json\/wp\/v2\/types\/post"}],"author":[{"embeddable":true,"href":"https:\/\/plazajuarez.mx\/historico\/wp-json\/wp\/v2\/users\/93"}],"replies":[{"embeddable":true,"href":"https:\/\/plazajuarez.mx\/historico\/wp-json\/wp\/v2\/comments?post=3114"}],"version-history":[{"count":0,"href":"https:\/\/plazajuarez.mx\/historico\/wp-json\/wp\/v2\/posts\/3114\/revisions"}],"wp:attachment":[{"href":"https:\/\/plazajuarez.mx\/historico\/wp-json\/wp\/v2\/media?parent=3114"}],"wp:term":[{"taxonomy":"category","embeddable":true,"href":"https:\/\/plazajuarez.mx\/historico\/wp-json\/wp\/v2\/categories?post=3114"},{"taxonomy":"post_tag","embeddable":true,"href":"https:\/\/plazajuarez.mx\/historico\/wp-json\/wp\/v2\/tags?post=3114"}],"curies":[{"name":"wp","href":"https:\/\/api.w.org\/{rel}","templated":true}]}}