{"id":3113,"date":"2015-04-01T06:00:00","date_gmt":"2015-04-01T06:00:00","guid":{"rendered":"http:\/\/plazajuarez.mx\/index\/index.php\/2015\/04\/01\/ex-alcalde-del-pan-en-morelia-y-su-esposa-denuncian-politica-de-cuotas\/"},"modified":"2015-04-01T06:00:00","modified_gmt":"2015-04-01T06:00:00","slug":"ex-alcalde-del-pan-en-morelia-y-su-esposa-denuncian-politica-de-cuotas","status":"publish","type":"post","link":"https:\/\/plazajuarez.mx\/historico\/ex-alcalde-del-pan-en-morelia-y-su-esposa-denuncian-politica-de-cuotas\/","title":{"rendered":"Ex alcalde del PAN en Morelia y su  esposa denuncian \u201cpol\u00edtica de cuotas\u201d"},"content":{"rendered":"<p>Morelia, Mich.- El ex alcalde panista de Morelia, Salvador L\u00f3pez Ordu\u00f1a y su esposa Laura Su\u00e1rez, ex diputada federal, anunciaron que se suman a la campa\u00f1a electoral del candidato pri\u00edsta a gobernador Ascensi\u00f3n Orihuela B\u00e1rcenas y denunciaron al Partido Acci\u00f3n Nacional (PAN) porque, aseguran, se ha convertido en una fuerza \u201cpol\u00edtica de cuotas\u201d.<\/p>\n<p>  <!--more-->  <\/p>\n<p>\u00a0<\/p>\n<p>En conferencia de prensa, L\u00f3pez Ordua\u00f1a, quien fue candidato a gobernador por el PAN, afirm\u00f3 que no tiene nada en contra de los hermanos Felipe y Luisa Ma. Calder\u00f3n, pero ha decidido apoyar a Chon Orihuela por amistad, adem\u00e1s de que no busca ning\u00fan cargo en la administraci\u00f3n, ni cuotas pol\u00edticas (candidaturas), s\u00f3lo considera que el proyecto de Orihuela \u201ces el mejor que hay\u201d.<\/p>\n<p>Aclar\u00f3 que apoyar\u00e1 tambi\u00e9n al ex panista, Alfonso Mart\u00ednez Alcazar, quien es candidato ciudadano a la presidencia municipal de Morelia. (Agencias)<\/p>\n","protected":false},"excerpt":{"rendered":"<p>Morelia, Mich.- El ex alcalde panista de Morelia, Salvador L\u00f3pez Ordu\u00f1a y su esposa Laura Su\u00e1rez, ex diputada federal, anunciaron que se suman a la campa\u00f1a electoral del candidato pri\u00edsta a gobernador Ascensi\u00f3n Orihuela B\u00e1rcenas y denunciaron al Partido Acci\u00f3n Nacional (PAN) porque, aseguran, se ha convertido en una fuerza \u201cpol\u00edtica de cuotas\u201d.<\/p>\n","protected":false},"author":93,"featured_media":0,"comment_status":"open","ping_status":"open","sticky":false,"template":"","format":"standard","meta":{"footnotes":""},"categories":[36],"tags":[],"class_list":["post-3113","post","type-post","status-publish","format-standard","hentry","category-nacion"],"_links":{"self":[{"href":"https:\/\/plazajuarez.mx\/historico\/wp-json\/wp\/v2\/posts\/3113","targetHints":{"allow":["GET"]}}],"collection":[{"href":"https:\/\/plazajuarez.mx\/historico\/wp-json\/wp\/v2\/posts"}],"about":[{"href":"https:\/\/plazajuarez.mx\/historico\/wp-json\/wp\/v2\/types\/post"}],"author":[{"embeddable":true,"href":"https:\/\/plazajuarez.mx\/historico\/wp-json\/wp\/v2\/users\/93"}],"replies":[{"embeddable":true,"href":"https:\/\/plazajuarez.mx\/historico\/wp-json\/wp\/v2\/comments?post=3113"}],"version-history":[{"count":0,"href":"https:\/\/plazajuarez.mx\/historico\/wp-json\/wp\/v2\/posts\/3113\/revisions"}],"wp:attachment":[{"href":"https:\/\/plazajuarez.mx\/historico\/wp-json\/wp\/v2\/media?parent=3113"}],"wp:term":[{"taxonomy":"category","embeddable":true,"href":"https:\/\/plazajuarez.mx\/historico\/wp-json\/wp\/v2\/categories?post=3113"},{"taxonomy":"post_tag","embeddable":true,"href":"https:\/\/plazajuarez.mx\/historico\/wp-json\/wp\/v2\/tags?post=3113"}],"curies":[{"name":"wp","href":"https:\/\/api.w.org\/{rel}","templated":true}]}}