{"id":31125,"date":"2016-11-02T14:32:41","date_gmt":"2016-11-02T14:32:41","guid":{"rendered":"http:\/\/plazajuarez.mx\/index\/index.php\/2016\/11\/02\/belinda-estaria-de-romance-con-criss-angel\/"},"modified":"2016-11-02T14:32:41","modified_gmt":"2016-11-02T14:32:41","slug":"belinda-estaria-de-romance-con-criss-angel","status":"publish","type":"post","link":"https:\/\/plazajuarez.mx\/historico\/belinda-estaria-de-romance-con-criss-angel\/","title":{"rendered":"Belinda estar\u00eda de romance con Criss Angel"},"content":{"rendered":"<p>Pese a la diferencia de edad, la cantante y el famoso mago habr\u00edan iniciado una relaci\u00f3n<\/p>\n<p>  <!--more-->  <\/p>\n<p>La actriz y cantante Belinda estar\u00eda disfrutando de los inicios de un romance con el famoso mago Criss Angel.<br \/>Belinda y Angel se conocieron el pasado julio en Las Vegas, cuando la cantante acudi\u00f3 junto a algunos amigos al show de Criss en esa ciudad.<br \/>Al parecer, la diferencia de edades entre ambos no ha sido un problema, pues el mago es 21 a\u00f1os mayor que Belinda.<br \/>En sus redes sociales no han hablado al respecto, pero Belinda public\u00f3 hace tres semanas en Instagram un video en el que se ve c\u00f3mo Criss Angel la hizo levitar.<br \/>La cantante declar\u00f3 el pasado agosto a la revista \u201cVanity Fair\u201d que Giovani dos Santos no fue el amor de su vida.<br \/>\u201cEl d\u00eda de ma\u00f1ana, si me enamoro, ser\u00e1 un amor de verdad, un amor real \u2014Soy muy cuidadosa, no me abro con cualquier persona. Soy muy herm\u00e9tica y quien tenga mi coraz\u00f3n es porque se lo merece, porque me ha demostrado que me quiere incondicionalmente\u201d, explic\u00f3.<br \/>Belinda acudi\u00f3 el fin de semana a la alfombra roja de la pel\u00edcula \u201cTrolls\u201d, en la que prest\u00f3 su voz para uno de los personajes.<\/p>\n","protected":false},"excerpt":{"rendered":"<p>Pese a la diferencia de edad, la cantante y el famoso mago habr\u00edan iniciado una relaci\u00f3n<\/p>\n","protected":false},"author":93,"featured_media":0,"comment_status":"open","ping_status":"open","sticky":false,"template":"","format":"standard","meta":{"footnotes":""},"categories":[38],"tags":[],"class_list":["post-31125","post","type-post","status-publish","format-standard","hentry","category-show"],"_links":{"self":[{"href":"https:\/\/plazajuarez.mx\/historico\/wp-json\/wp\/v2\/posts\/31125","targetHints":{"allow":["GET"]}}],"collection":[{"href":"https:\/\/plazajuarez.mx\/historico\/wp-json\/wp\/v2\/posts"}],"about":[{"href":"https:\/\/plazajuarez.mx\/historico\/wp-json\/wp\/v2\/types\/post"}],"author":[{"embeddable":true,"href":"https:\/\/plazajuarez.mx\/historico\/wp-json\/wp\/v2\/users\/93"}],"replies":[{"embeddable":true,"href":"https:\/\/plazajuarez.mx\/historico\/wp-json\/wp\/v2\/comments?post=31125"}],"version-history":[{"count":0,"href":"https:\/\/plazajuarez.mx\/historico\/wp-json\/wp\/v2\/posts\/31125\/revisions"}],"wp:attachment":[{"href":"https:\/\/plazajuarez.mx\/historico\/wp-json\/wp\/v2\/media?parent=31125"}],"wp:term":[{"taxonomy":"category","embeddable":true,"href":"https:\/\/plazajuarez.mx\/historico\/wp-json\/wp\/v2\/categories?post=31125"},{"taxonomy":"post_tag","embeddable":true,"href":"https:\/\/plazajuarez.mx\/historico\/wp-json\/wp\/v2\/tags?post=31125"}],"curies":[{"name":"wp","href":"https:\/\/api.w.org\/{rel}","templated":true}]}}