{"id":31120,"date":"2016-11-02T14:30:31","date_gmt":"2016-11-02T14:30:31","guid":{"rendered":"http:\/\/plazajuarez.mx\/index\/index.php\/2016\/11\/02\/catean-rancho-de-duarte-en-chiapas\/"},"modified":"2016-11-02T14:30:31","modified_gmt":"2016-11-02T14:30:31","slug":"catean-rancho-de-duarte-en-chiapas","status":"publish","type":"post","link":"https:\/\/plazajuarez.mx\/historico\/catean-rancho-de-duarte-en-chiapas\/","title":{"rendered":"Catean rancho de Duarte en Chiapas"},"content":{"rendered":"<p>La PGR inform\u00f3 que, en el estado de Chiapas, personal de la Polic\u00eda Federal Ministerial y de la Polic\u00eda Federal catearon el Rancho San Francisco, propiedad de Javier Duarte de Ochoa, como parte de las acciones para detenerlo.<\/p>\n<p>  <!--more-->  <\/p>\n<p>La instituci\u00f3n indic\u00f3 que los agentes federales \u201cse constituyeron en el Rancho San Francisco, ubicado en Villa Flores, Chiapas\u201d, para verificar la veracidad de la informaci\u00f3n consistente en que en ese lugar se encontraba oculto el gobernador con licencia Javier \u201cN\u201d y, en su caso, ejecutar la orden de aprehensi\u00f3n en su contra.<br \/>El personal encargado del rancho permiti\u00f3 el acceso de los elementos policiales, los cuales despu\u00e9s de realizar una b\u00fasqueda minuciosa en el lugar, no localizaron \u201ca Javier Duarte por lo que se retiraron del lugar a las cuatro de la ma\u00f1ana\u201d.<\/p>\n","protected":false},"excerpt":{"rendered":"<p>La PGR inform\u00f3 que, en el estado de Chiapas, personal de la Polic\u00eda Federal Ministerial y de la Polic\u00eda Federal catearon el Rancho San Francisco, propiedad de Javier Duarte de Ochoa, como parte de las acciones para detenerlo.<\/p>\n","protected":false},"author":93,"featured_media":0,"comment_status":"open","ping_status":"open","sticky":false,"template":"","format":"standard","meta":{"footnotes":""},"categories":[36],"tags":[],"class_list":["post-31120","post","type-post","status-publish","format-standard","hentry","category-nacion"],"_links":{"self":[{"href":"https:\/\/plazajuarez.mx\/historico\/wp-json\/wp\/v2\/posts\/31120","targetHints":{"allow":["GET"]}}],"collection":[{"href":"https:\/\/plazajuarez.mx\/historico\/wp-json\/wp\/v2\/posts"}],"about":[{"href":"https:\/\/plazajuarez.mx\/historico\/wp-json\/wp\/v2\/types\/post"}],"author":[{"embeddable":true,"href":"https:\/\/plazajuarez.mx\/historico\/wp-json\/wp\/v2\/users\/93"}],"replies":[{"embeddable":true,"href":"https:\/\/plazajuarez.mx\/historico\/wp-json\/wp\/v2\/comments?post=31120"}],"version-history":[{"count":0,"href":"https:\/\/plazajuarez.mx\/historico\/wp-json\/wp\/v2\/posts\/31120\/revisions"}],"wp:attachment":[{"href":"https:\/\/plazajuarez.mx\/historico\/wp-json\/wp\/v2\/media?parent=31120"}],"wp:term":[{"taxonomy":"category","embeddable":true,"href":"https:\/\/plazajuarez.mx\/historico\/wp-json\/wp\/v2\/categories?post=31120"},{"taxonomy":"post_tag","embeddable":true,"href":"https:\/\/plazajuarez.mx\/historico\/wp-json\/wp\/v2\/tags?post=31120"}],"curies":[{"name":"wp","href":"https:\/\/api.w.org\/{rel}","templated":true}]}}