{"id":3112,"date":"2015-04-01T06:00:00","date_gmt":"2015-04-01T06:00:00","guid":{"rendered":"http:\/\/plazajuarez.mx\/index\/index.php\/2015\/04\/01\/el-reaparecido-juanito-senala-a-la-mafia-obradorista\/"},"modified":"2015-04-01T06:00:00","modified_gmt":"2015-04-01T06:00:00","slug":"el-reaparecido-juanito-senala-a-la-mafia-obradorista","status":"publish","type":"post","link":"https:\/\/plazajuarez.mx\/historico\/el-reaparecido-juanito-senala-a-la-mafia-obradorista\/","title":{"rendered":"El reaparecido &#8220;Juanito&#8221; se\u00f1ala\u2026  a la &#8220;mafia obradorista&#8221;"},"content":{"rendered":"<p>M\u00e9xico, D.F.- Rafael Acosta &#8220;Juanito&#8221; anunci\u00f3 que el pr\u00f3ximo 20 de abril iniciar\u00e1 su campa\u00f1a para ser jefe delegacional por el Partido Humanista.<\/p>\n<p>  <!--more-->  <\/p>\n<p>\u00a0<\/p>\n<p>En entrevista se\u00f1l\u00f3 que ya hay campa\u00f1a sucia en su contra, en la que lo califican como &#8220;un pobre indio que no sabe ni hablar&#8221;.<\/p>\n<p>&#8220;En el partido pienso que nos va a ir bien, que vamos a mantener el registro y ganar muchas candidaturas, vamos a ganar muchas posiciones&#8221;.<\/p>\n<p>Mencion\u00f3 que durante el tiempo en el que no se dedic\u00f3 a la pol\u00edtica trabaj\u00f3 en varios programas de televisi\u00f3n, y que el 50% de sus ganancias fueron destinadas a apoyar a la gente, como en la compra de bastones, sillas de ruedas, muletas, despensas y hasta un programa para repartir tenis.<\/p>\n<p>Agreg\u00f3 que tom\u00f3 varios cursos escolares, por lo que termin\u00f3 la preparatoria e inici\u00f3 la carrera en Ciencias Pol\u00edticas, la cual dejar\u00e1 en caso de ganar la delegaci\u00f3n para dedicarse a la gente.<\/p>\n<p>Acosta declar\u00f3 que cuando gan\u00f3 la jefatura de Iztapalapa fue atacado y obligado bajo amenazas por parte de Marcelo Ebrard, Jes\u00fas Valencia y Andr\u00e9s Manuel L\u00f3pez Obrador para abandonar su puesto.<\/p>\n<p>Sobre Clara Brugada, quien lo remplaz\u00f3 cuando dej\u00f3 la delegaci\u00f3n Iztapalapa, mencion\u00f3 que fue una candidata &#8220;espuria impuesta por la mafia obradorista, la mafia de Morena, la mafia del PRD&#8221;.<\/p>\n<p>Coment\u00f3 que fue traicionado por el PT cuando fue candidato.<\/p>\n<p>&#8220;El partido no me apoy\u00f3, no defendi\u00f3 mi candidatura, se vendi\u00f3 contra la mafia de L\u00f3pez Obrador, la mafia de Morena, del PRD y ahora corren peligro&#8221;. \u00a0(Agencias)<\/p>\n","protected":false},"excerpt":{"rendered":"<p>M\u00e9xico, D.F.- Rafael Acosta &#8220;Juanito&#8221; anunci\u00f3 que el pr\u00f3ximo 20 de abril iniciar\u00e1 su campa\u00f1a para ser jefe delegacional por el Partido Humanista.<\/p>\n","protected":false},"author":93,"featured_media":0,"comment_status":"open","ping_status":"open","sticky":false,"template":"","format":"standard","meta":{"footnotes":""},"categories":[36],"tags":[],"class_list":["post-3112","post","type-post","status-publish","format-standard","hentry","category-nacion"],"_links":{"self":[{"href":"https:\/\/plazajuarez.mx\/historico\/wp-json\/wp\/v2\/posts\/3112","targetHints":{"allow":["GET"]}}],"collection":[{"href":"https:\/\/plazajuarez.mx\/historico\/wp-json\/wp\/v2\/posts"}],"about":[{"href":"https:\/\/plazajuarez.mx\/historico\/wp-json\/wp\/v2\/types\/post"}],"author":[{"embeddable":true,"href":"https:\/\/plazajuarez.mx\/historico\/wp-json\/wp\/v2\/users\/93"}],"replies":[{"embeddable":true,"href":"https:\/\/plazajuarez.mx\/historico\/wp-json\/wp\/v2\/comments?post=3112"}],"version-history":[{"count":0,"href":"https:\/\/plazajuarez.mx\/historico\/wp-json\/wp\/v2\/posts\/3112\/revisions"}],"wp:attachment":[{"href":"https:\/\/plazajuarez.mx\/historico\/wp-json\/wp\/v2\/media?parent=3112"}],"wp:term":[{"taxonomy":"category","embeddable":true,"href":"https:\/\/plazajuarez.mx\/historico\/wp-json\/wp\/v2\/categories?post=3112"},{"taxonomy":"post_tag","embeddable":true,"href":"https:\/\/plazajuarez.mx\/historico\/wp-json\/wp\/v2\/tags?post=3112"}],"curies":[{"name":"wp","href":"https:\/\/api.w.org\/{rel}","templated":true}]}}