{"id":3111,"date":"2015-04-01T06:00:00","date_gmt":"2015-04-01T06:00:00","guid":{"rendered":"http:\/\/plazajuarez.mx\/index\/index.php\/2015\/04\/01\/la-historia-detras-de-la-foto-de-la-nina-siria-que-ha-conmovido-a-internet\/"},"modified":"2015-04-01T06:00:00","modified_gmt":"2015-04-01T06:00:00","slug":"la-historia-detras-de-la-foto-de-la-nina-siria-que-ha-conmovido-a-internet","status":"publish","type":"post","link":"https:\/\/plazajuarez.mx\/historico\/la-historia-detras-de-la-foto-de-la-nina-siria-que-ha-conmovido-a-internet\/","title":{"rendered":"La historia detr\u00e1s de La foto de la  ni\u00f1a siria que ha conmovido a internet"},"content":{"rendered":"<p>Hace una semana, desde el pasado 24 de marzo, que la imagen de esta peque\u00f1a siria se repite en las redes sociales y los medios de comunicaci\u00f3n de todo el mundo. Una ni\u00f1a con las manos en alto, los pu\u00f1os y los labios apretados y los ojos muy abiertos que ha conmovido a los que la han visto y a las miles de personas que han ayudado a que se propague a golpe de retuit. La fot\u00f3grafa palestina Nadia AbuShaban la public\u00f3 en su cuenta acompa\u00f1ada de este texto: &#8220;Un fotoperiodista hizo esta foto a una ni\u00f1a siria de 4 a\u00f1os, pensaba que \u00e9l llevaba un arma en vez de una c\u00e1mara as\u00ed que levant\u00f3 los brazos&#8221; #Rendida&#8221;. La foto llevaba m\u00e1s de 14.000 retuits ayer martes y tambi\u00e9n se hab\u00eda difundido por Facebook y en Reddit.<\/p>\n<p>  <!--more-->  <\/p>\n<p>\u00a0<\/p>\n<p>A pesar de lo que muchos han cre\u00eddo, la imagen no la tom\u00f3 Nadia AbuShaban, como tuvo que recordar ella misma en su cuenta de Twitter, aunque no aclaraba qui\u00e9n era el autor de la imagen. Tampoco se trata de un ni\u00f1o, como tambi\u00e9n se ha publicado. La fotograf\u00eda original la tom\u00f3 el fot\u00f3grafo turco Osman Sagirli y la public\u00f3 en diciembre de 2014 en el diario de su pa\u00eds T\u00fcrkiye. Un recorte de la publicaci\u00f3n circula por internet atribuy\u00e9ndolo a una noticia &#8220;en torno a 2012&#8221;, lo que tampoco es correcto.<\/p>\n<p>La historia completa la contaba el propio fot\u00f3grafo a BBC Trending, donde afirma que la foto es de una ni\u00f1a siria de 4 a\u00f1os llamada Hudea y que la tom\u00f3 en el campo de refugiados de Atmeh, en Siria cerca de la frontera turca, el pasado diciembre. La imagen fue publicada en enero en T\u00fcrkiye.<\/p>\n<p>Sagirli recuerda as\u00ed el momento exacto en el que tom\u00f3 la foto: &#8220;Yo estaba usando un teleobjetivo y ella pens\u00f3 que era un arma. Me di cuenta de que estaba muerta de miedo despu\u00e9s tomar la imagen, porque se mord\u00eda los labios y levant\u00f3 los brazos. Normalmente, los ni\u00f1os huyen, se tapan la cara o sonr\u00eden cuando ven una c\u00e1mara&#8221;. Por eso Sagirli interpreta que la peque\u00f1a lo confundi\u00f3 con un soldado.<\/p>\n<p>Independientemente de lo que pensara en ese momento la peque\u00f1a Hudea, la imagen -y especialmente los ojos de la ni\u00f1a- han servido para volver a visibilizar a los miles de desplazados por una guerra que dura m\u00e1s de cuatro a\u00f1os. (Agencias)<\/p>\n","protected":false},"excerpt":{"rendered":"<p>Hace una semana, desde el pasado 24 de marzo, que la imagen de esta peque\u00f1a siria se repite en las redes sociales y los medios de comunicaci\u00f3n de todo el mundo. Una ni\u00f1a con las manos en alto, los pu\u00f1os y los labios apretados y los ojos muy abiertos que ha conmovido a los que [&hellip;]<\/p>\n","protected":false},"author":93,"featured_media":0,"comment_status":"open","ping_status":"open","sticky":false,"template":"","format":"standard","meta":{"footnotes":""},"categories":[31],"tags":[],"class_list":["post-3111","post","type-post","status-publish","format-standard","hentry","category-orbe"],"_links":{"self":[{"href":"https:\/\/plazajuarez.mx\/historico\/wp-json\/wp\/v2\/posts\/3111","targetHints":{"allow":["GET"]}}],"collection":[{"href":"https:\/\/plazajuarez.mx\/historico\/wp-json\/wp\/v2\/posts"}],"about":[{"href":"https:\/\/plazajuarez.mx\/historico\/wp-json\/wp\/v2\/types\/post"}],"author":[{"embeddable":true,"href":"https:\/\/plazajuarez.mx\/historico\/wp-json\/wp\/v2\/users\/93"}],"replies":[{"embeddable":true,"href":"https:\/\/plazajuarez.mx\/historico\/wp-json\/wp\/v2\/comments?post=3111"}],"version-history":[{"count":0,"href":"https:\/\/plazajuarez.mx\/historico\/wp-json\/wp\/v2\/posts\/3111\/revisions"}],"wp:attachment":[{"href":"https:\/\/plazajuarez.mx\/historico\/wp-json\/wp\/v2\/media?parent=3111"}],"wp:term":[{"taxonomy":"category","embeddable":true,"href":"https:\/\/plazajuarez.mx\/historico\/wp-json\/wp\/v2\/categories?post=3111"},{"taxonomy":"post_tag","embeddable":true,"href":"https:\/\/plazajuarez.mx\/historico\/wp-json\/wp\/v2\/tags?post=3111"}],"curies":[{"name":"wp","href":"https:\/\/api.w.org\/{rel}","templated":true}]}}