{"id":3104,"date":"2015-04-01T06:00:00","date_gmt":"2015-04-01T06:00:00","guid":{"rendered":"http:\/\/plazajuarez.mx\/index\/index.php\/2015\/04\/01\/futbol-internacional-39\/"},"modified":"2015-04-01T06:00:00","modified_gmt":"2015-04-01T06:00:00","slug":"futbol-internacional-39","status":"publish","type":"post","link":"https:\/\/plazajuarez.mx\/historico\/futbol-internacional-39\/","title":{"rendered":"Futbol Internacional"},"content":{"rendered":"<p><strong>Real Madrid confirma fichaje de Danilo<\/strong><\/p>\n<p>\u00a0<\/p>\n<p>El Real Madrid confirm\u00f3 ayer la llegada de Danilo Luiz da Silva, lateral brasile\u00f1o del Porto, quien vestir\u00e1 de merengue a partir de la pr\u00f3xima temporada.<\/p>\n<p>\u00a0<\/p>\n<p>  <!--more-->  <\/p>\n<p>\u00a0<\/p>\n<p>&#8220;Real Madrid C. F. y el FC Porto han llegado a un acuerdo para el traspaso del jugador Danilo, que se incorporar\u00e1 la pr\u00f3xima temporada y quedar\u00e1 vinculado al club hasta el 30 de junio de 2021&#8221;, detall\u00f3 la entidad madridista en un comunicado.<\/p>\n<p>\u00a0<\/p>\n<p>El lateral de 24 a\u00f1os lleg\u00f3 a Portugal en el 2011, procedente del Santos brasile\u00f1o, y fue fichado por 17,8 millones de euros por el Porto. A principios de marzo, ante el primer contacto del Madrid, la prensa local dio a conocer que Danilo manten\u00eda un contrato hasta junio del 2016 y una cl\u00e1usula de 50 millones de euros.<\/p>\n<p>***<\/p>\n<p>\u00a0<\/p>\n<p>\u00a0<\/p>\n<p><strong>Imitador de Cristiano Ronaldo sorprende a transe\u00fantes<\/strong><\/p>\n<p>\u00a0<\/p>\n<p>Transe\u00fantes en Sao Paulo, Brasil, fueron sorprendidos por un imitador del portugu\u00e9s Cristiano Ronaldo, atacante estrella del Real Madrid y reciente Bal\u00f3n de Oro, en una broma que fue captada para un canal de televisi\u00f3n local.<\/p>\n<p>Desde su peculiar grito de &#8220;s\u00ed&#8221; y la pose de un exagerado comp\u00e1s abierto, el imitador se pase\u00f3 por las calles y el transporte p\u00fablico, donde se rob\u00f3 la atenci\u00f3n de la gente que se cruz\u00f3 en su camino.<\/p>\n<p>&#8220;CR7 en la vida real&#8221; es una parodia que aborda con humor el comportamiento arrogante del jugador del Real Madrid.<\/p>\n<p>**<\/p>\n<p>\u00a0<\/p>\n<p>FECHA FIFA<\/p>\n<p><strong>La Naranja Mec\u00e1nica sorprende a la Furia <\/strong><\/p>\n<ul>\n<li>Holanda 2-0 Espa\u00f1a<\/li>\n<\/ul>\n<p>\u00a0<\/p>\n<p>\u00a0<\/p>\n<p>Holanda despert\u00f3 de la depresi\u00f3n que vive camino de la Eurocopa 2016, alejado de la imagen que le gui\u00f3 al tercer puesto del Mundial de Brasil, a costa de una Espa\u00f1a vulnerable, con numerosos cambios de Vicente del Bosque, v\u00edctima de su pasividad defensiva en los goles de De Vrij y Klaassen (2\u20110).<\/p>\n<p>\u00a0<\/p>\n<p>Sin dos de sus tres referentes \u2011Robben y Van Persie\u2011, la Oranje necesit\u00f3 poco para hacer tambalearse a Espa\u00f1a, sin tensi\u00f3n defensiva con un equipo dise\u00f1ado para tener el bal\u00f3n.<\/p>\n<p>\u00a0<\/p>\n<p>\u00a0<\/p>\n<p>Cada acercamiento de Holanda gener\u00f3 peligro. Los marcajes eran permisivos. Huntelaar recib\u00eda y dejaba de cara a Depay para probar a De Gea a los siete minutos. La estirada del portero que sent\u00f3 a Casillas en el \u00c1msterdam Arena evit\u00f3 el primero. Espa\u00f1a reculaba en exceso y quer\u00eda presionar. La distancia entre l\u00edneas era un disparo al pie. A los 13 minutos encajaba el primero. Segunda jugada tras un c\u00f3rner que culminaba Sneijder con un pase de oro desde el costado izquierdo a la cabeza de De Vrij. A placer cabece\u00f3 a la red. Albiol lleg\u00f3 tarde a su marca.<\/p>\n<p>\u00a0<\/p>\n<p>S\u00f3lo pasaban tres minutos cuando llegaba el segundo y a todos les ven\u00eda la mente la goleada de Brasil. Un pase dentro del \u00e1rea para que Klaassen reciba c\u00f3modamente, pueda disparar centrado, recoger el rechace de De Gea y fusilar arriba sin que un solo defensa lo impidiese. La resurrecci\u00f3n de Holanda ya era una realidad. Su afici\u00f3n olvidaba las penurias de su fase de clasificaci\u00f3n.<\/p>\n<p>\u00a0<\/p>\n<p>Mereci\u00f3 marcar Espa\u00f1a, sobre todo con Morata. El desorden actual se plasm\u00f3 en una falta en la frontal del \u00e1rea. Pudo ser la primera que chut\u00f3 Piqu\u00e9 en su carrera.<\/p>\n<p>\u00a0<\/p>\n<p>El resultado no fue malo, abajo, esquivando a la barrera, pero Vermeer la sac\u00f3 con sus piernas y la detuvo en dos tiempos. Vitolo perdon\u00f3 con todo a favor, a Silva le anularon un gol por posici\u00f3n ilegal y el \u00e1rbitro no vio un claro penalti por mano de Indi. La afici\u00f3n la tom\u00f3 con Iniesta, silbado por aquel tanto de gloria en la final de Johannesburgo. Espa\u00f1a vive de eso en su presente. De recuerdos.<\/p>\n<p>**<\/p>\n<p>\u00a0<\/p>\n<p>EN JUEGO MOVIDO<\/p>\n<p><strong>Italia e Inglaterra igualan fuerzas <\/strong><\/p>\n<p>\u00a0<\/p>\n<p>La Azzurra ofreci\u00f3 este martes una dosis de buen futbol durante el primer tiempo del amistoso que jug\u00f3 contra Inglaterra en Tur\u00edn, pero floje\u00f3 en el segundo y permiti\u00f3 a la selecci\u00f3n inglesa quitarse la espina del Mundial Brasil 2014, en el que perdieron contra los italianos por 2\u20111.<\/p>\n<p>\u00a0<\/p>\n<p>Italia sali\u00f3 al campo con fuerza y puso entre las cuerdas a una Inglaterra casi sin opciones.<\/p>\n<p>\u00a0<\/p>\n<p>Los de Conte llegaron a Tur\u00edn con la intenci\u00f3n de olvidarse del sufrido empate ante Bulgaria (2\u20112), llegado en el \u00faltimo suspiro, y presionaron sin descanso al conjunto de Roy Hodgson, provocaron algunas ocasiones de gol que no se concretaron<\/p>\n<p>\u00a0<\/p>\n<p>Fue en el minuto 29 cuando el delantero Graziano Pelle adelant\u00f3 a los suyos en el marcador con un gol de cabeza, despu\u00e9s de recibir un pase de Giorgio Chiellini desde la banda izquierda.<\/p>\n<p>\u00a0<\/p>\n<p>Italia se fue al descanso ganando, pero sali\u00f3 al c\u00e9sped en el segundo tiempo con menos fuerza, algo que aprovech\u00f3 Inglaterra.<\/p>\n<p>\u00a0<\/p>\n<p>Tras varios intentos, el mediocampista Ryan Mason puso en bandeja la pelota a Townsend que, con un tiro diagonal al palo derecho de la porter\u00eda, encaj\u00f3 a Gianluigi Buffon el tanto que les vali\u00f3 el empate.<\/p>\n<p>\u00a0<\/p>\n<p>Los minutos finales del partido fueron como si en disputa estuviera un boleto a alguna fase final o junto a las bancas hubiera un trofeo de por medio. Ambos equipos buscaron el triunfo y forzaron a Hart y Buffon a exigirle al f\u00edsico m\u00e1s de lo que se le exige en un amistoso.<\/p>\n","protected":false},"excerpt":{"rendered":"<p>Real Madrid confirma fichaje de Danilo \u00a0 El Real Madrid confirm\u00f3 ayer la llegada de Danilo Luiz da Silva, lateral brasile\u00f1o del Porto, quien vestir\u00e1 de merengue a partir de la pr\u00f3xima temporada. \u00a0<\/p>\n","protected":false},"author":93,"featured_media":0,"comment_status":"open","ping_status":"open","sticky":false,"template":"","format":"standard","meta":{"footnotes":""},"categories":[39],"tags":[],"class_list":["post-3104","post","type-post","status-publish","format-standard","hentry","category-deportiva"],"_links":{"self":[{"href":"https:\/\/plazajuarez.mx\/historico\/wp-json\/wp\/v2\/posts\/3104","targetHints":{"allow":["GET"]}}],"collection":[{"href":"https:\/\/plazajuarez.mx\/historico\/wp-json\/wp\/v2\/posts"}],"about":[{"href":"https:\/\/plazajuarez.mx\/historico\/wp-json\/wp\/v2\/types\/post"}],"author":[{"embeddable":true,"href":"https:\/\/plazajuarez.mx\/historico\/wp-json\/wp\/v2\/users\/93"}],"replies":[{"embeddable":true,"href":"https:\/\/plazajuarez.mx\/historico\/wp-json\/wp\/v2\/comments?post=3104"}],"version-history":[{"count":0,"href":"https:\/\/plazajuarez.mx\/historico\/wp-json\/wp\/v2\/posts\/3104\/revisions"}],"wp:attachment":[{"href":"https:\/\/plazajuarez.mx\/historico\/wp-json\/wp\/v2\/media?parent=3104"}],"wp:term":[{"taxonomy":"category","embeddable":true,"href":"https:\/\/plazajuarez.mx\/historico\/wp-json\/wp\/v2\/categories?post=3104"},{"taxonomy":"post_tag","embeddable":true,"href":"https:\/\/plazajuarez.mx\/historico\/wp-json\/wp\/v2\/tags?post=3104"}],"curies":[{"name":"wp","href":"https:\/\/api.w.org\/{rel}","templated":true}]}}