{"id":3100,"date":"2015-04-01T06:00:00","date_gmt":"2015-04-01T06:00:00","guid":{"rendered":"http:\/\/plazajuarez.mx\/index\/index.php\/2015\/04\/01\/piden-que-no-sea-usado-el-jardin-principal-para-el-festival-internacional-de-las-culturas-indigenas\/"},"modified":"2015-04-01T06:00:00","modified_gmt":"2015-04-01T06:00:00","slug":"piden-que-no-sea-usado-el-jardin-principal-para-el-festival-internacional-de-las-culturas-indigenas","status":"publish","type":"post","link":"https:\/\/plazajuarez.mx\/historico\/piden-que-no-sea-usado-el-jardin-principal-para-el-festival-internacional-de-las-culturas-indigenas\/","title":{"rendered":"Piden que no sea usado el jard\u00edn principal para el Festival Internacional de las Culturas Ind\u00edgenas"},"content":{"rendered":"<p><strong>Ixmiquilpan<\/strong><\/p>\n<ul>\n<li><strong><strong>Es la petici\u00f3n al Ayuntamiento por parte de la iglesia cat\u00f3lica de Ixmiquilpan, organizaciones comerciales y prestadoras de servicios<\/strong><\/strong> <!--more--> <\/li>\n<\/ul>\n<p>Con motivo del Festival Internacional de las Culturas Ind\u00edgenas (FICI), la Iglesia Cat\u00f3lica de Ixmiquilpan, as\u00ed como organizaciones comerciales y prestadoras de servicios, solicitaron al Ayuntamiento, la reconsideraci\u00f3n sobre el uso del jard\u00edn principal para esta festividad.<\/p>\n<p>Inicialmente, la iglesia cat\u00f3lica\u00a0 se inconform\u00f3, debido a que por este festival ser\u00e1n utilizadas varias calles del Centro Hist\u00f3rico, asimismo ser\u00e1 bloqueado el paso peatonal, lo cual afecta los festejos correspondientes a la Semana Santa.<\/p>\n<p>Sin embargo, tras una reuni\u00f3n con la secretaria de Finanzas del ayuntamiento, Sonia L\u00f3pez Olgu\u00edn, se acordaron otras calles a utilizarse para el paso de la procesi\u00f3n del silencio que se realizar\u00e1 el pr\u00f3ximo jueves, as\u00ed como el V\u00eda Crucis que cambiar\u00e1 de ruta.<\/p>\n<p>Las diferentes estaciones ser\u00e1n reubicadas para evitar un conflicto, a lo cual accedi\u00f3 la Iglesia Cat\u00f3lica y sus diferentes mayordom\u00edas, de cambiar la ruta totalmente, con el objetivo de permitir el desarrollo del festival sin ning\u00fan obst\u00e1culo.<\/p>\n<p>Sin embargo, ayer, la sociedad organizada del Centro Hist\u00f3rico, turn\u00f3 un documento al presidente municipal, Cipriano Charrez Pedraza, y a la Asamblea Municipal, con el objetivo de evitar el bloqueo del tr\u00e1nsito vehicular en las calles c\u00e9ntricas.<\/p>\n<p>En el documento, piden que las calles se dejen libres al tr\u00e1nsito de veh\u00edculos y tambi\u00e9n de peatones, toda vez que la Semana Santa, es un periodo vacacional que ha sido esperado por el sector de los comerciantes, pero que el bloqueo al paso de autom\u00f3viles provocar\u00e1 p\u00e9rdidas econ\u00f3micas.<\/p>\n<p>Esta petici\u00f3n, fue ingresada ayer al Ayuntamiento, en la que piden una consideraci\u00f3n por parte del Presidente Municipal, debido a que durante el FICI, el cual inicia el pr\u00f3ximo dos de abril y concluye el d\u00eda cuatro, m\u00e1s que ganancias, representar\u00e1 p\u00e9rdidas econ\u00f3micas si se considera el cierre de calles.<\/p>\n<p>Hasta el momento, la Presidencia Municipal no ha fijado ninguna postura al respecto, \u00fanicamente sobre los cambios de calles por donde pasar\u00e1 la procesi\u00f3n del silencio y el V\u00eda Crucis del pr\u00f3ximo viernes, donde se congregar\u00e1n por lo menos unos tres mil feligreses.<\/p>\n","protected":false},"excerpt":{"rendered":"<p>Ixmiquilpan Es la petici\u00f3n al Ayuntamiento por parte de la iglesia cat\u00f3lica de Ixmiquilpan, organizaciones comerciales y prestadoras de servicios<\/p>\n","protected":false},"author":93,"featured_media":0,"comment_status":"open","ping_status":"open","sticky":false,"template":"","format":"standard","meta":{"footnotes":""},"categories":[40],"tags":[],"class_list":["post-3100","post","type-post","status-publish","format-standard","hentry","category-region"],"_links":{"self":[{"href":"https:\/\/plazajuarez.mx\/historico\/wp-json\/wp\/v2\/posts\/3100","targetHints":{"allow":["GET"]}}],"collection":[{"href":"https:\/\/plazajuarez.mx\/historico\/wp-json\/wp\/v2\/posts"}],"about":[{"href":"https:\/\/plazajuarez.mx\/historico\/wp-json\/wp\/v2\/types\/post"}],"author":[{"embeddable":true,"href":"https:\/\/plazajuarez.mx\/historico\/wp-json\/wp\/v2\/users\/93"}],"replies":[{"embeddable":true,"href":"https:\/\/plazajuarez.mx\/historico\/wp-json\/wp\/v2\/comments?post=3100"}],"version-history":[{"count":0,"href":"https:\/\/plazajuarez.mx\/historico\/wp-json\/wp\/v2\/posts\/3100\/revisions"}],"wp:attachment":[{"href":"https:\/\/plazajuarez.mx\/historico\/wp-json\/wp\/v2\/media?parent=3100"}],"wp:term":[{"taxonomy":"category","embeddable":true,"href":"https:\/\/plazajuarez.mx\/historico\/wp-json\/wp\/v2\/categories?post=3100"},{"taxonomy":"post_tag","embeddable":true,"href":"https:\/\/plazajuarez.mx\/historico\/wp-json\/wp\/v2\/tags?post=3100"}],"curies":[{"name":"wp","href":"https:\/\/api.w.org\/{rel}","templated":true}]}}