{"id":30961,"date":"2016-10-30T15:47:32","date_gmt":"2016-10-30T15:47:32","guid":{"rendered":"http:\/\/plazajuarez.mx\/index\/index.php\/2016\/10\/30\/regreso\/"},"modified":"2020-04-14T19:58:54","modified_gmt":"2020-04-14T19:58:54","slug":"regreso","status":"publish","type":"post","link":"https:\/\/plazajuarez.mx\/historico\/regreso\/","title":{"rendered":"Regres\u00f3"},"content":{"rendered":"<p>RELATOS DE VIDA<\/p>\n<p>  <!--more-->  <\/p>\n<p>\u00a0<br \/>Edna es una enfermera de 37 a\u00f1os edad, y aproximadamente 15 de servicio; ama su profesi\u00f3n pero una de las actividades de las que m\u00e1s disfruta es visitar comunidades para brindar informaci\u00f3n y educaci\u00f3n en materia de prevenci\u00f3n de la salud, principalmente en el tema de C\u00e1ncer de mama, pues lo considera una actividad en favor del sector femenino.<\/p>\n<p>Durante una campa\u00f1a de sensibilizaci\u00f3n acerca de este mal, acudi\u00f3 a una escuela primaria a impartir capacitaci\u00f3n a madres de familias del proceso de autoexploraci\u00f3n, y al momento de mostrarles se percat\u00f3 de un peque\u00f1o absceso en la mama derecha, con la intriga en su cabeza, prosigui\u00f3 con la c\u00e1tedra, y cuando regres\u00f3 a su cl\u00ednica de origen, solicit\u00f3 la valoraci\u00f3n de una compa\u00f1era, quien confirm\u00f3 la existencia de la peque\u00f1a bolita.<\/p>\n<p>Con miedo se aplic\u00f3 los estudios correspondientes, y el diagn\u00f3stico fue c\u00e1ncer de mama. Al ser profesional de la salud conoc\u00eda el protocolo a seguir, inform\u00f3 a su familia y comenz\u00f3 con el tratamiento de quimioterapias, sin interrumpir su labor de asistencia a pacientes, pese al cansancio que el procedimiento le produc\u00eda.<\/p>\n<p>Despu\u00e9s de un tiempo, Edna, vence este mal; e integra su testimonio a las pl\u00e1ticas comunitarias, para demostrar que la detecci\u00f3n oportuna incrementa las posibilidades de combatir el padecimiento; en una de las reuniones recibe un mensaje de texto, el remitente era el mayor de sus hijos quien le notificaba que le hab\u00edan diagnosticado c\u00e1ncer de est\u00f3mago.<\/p>\n<p>Sin perder tiempo se encuentra con Pablo, su primer hijo, deciden iniciar con el procedimiento y seguirlo paso a paso; venturosamente, despu\u00e9s de meses de aplicaciones, se integra a la estad\u00edstica de sobrevivientes.<\/p>\n<p>Edna agradecida por las oportunidades que le ha dado la vida, fortalece sus actividades de activista de prevenci\u00f3n y combate contra el c\u00e1ncer; y fue precisamente en una conferencia magistral al ense\u00f1ar nuevamente la forma correcta de la autoexploraci\u00f3n, vuelve a encontrar el absceso, como si fuera un deja vu, repite el proceso de tratamiento, pero ahora su cuerpo ya no responde de la misma manera.<\/p>\n<p>Actualmente se encuentra con quimioterapias tomadas; mientras contin\u00faa e incrementa su labor de concientizaci\u00f3n a las mujeres esperando que su cuerpo responda una vez m\u00e1s.<\/p>\n","protected":false},"excerpt":{"rendered":"<p>RELATOS DE VIDA<\/p>\n","protected":false},"author":73,"featured_media":0,"comment_status":"open","ping_status":"open","sticky":false,"template":"","format":"standard","meta":{"footnotes":""},"categories":[42,85],"tags":[],"class_list":["post-30961","post","type-post","status-publish","format-standard","hentry","category-nuestrapalabra","category-relatos"],"_links":{"self":[{"href":"https:\/\/plazajuarez.mx\/historico\/wp-json\/wp\/v2\/posts\/30961","targetHints":{"allow":["GET"]}}],"collection":[{"href":"https:\/\/plazajuarez.mx\/historico\/wp-json\/wp\/v2\/posts"}],"about":[{"href":"https:\/\/plazajuarez.mx\/historico\/wp-json\/wp\/v2\/types\/post"}],"author":[{"embeddable":true,"href":"https:\/\/plazajuarez.mx\/historico\/wp-json\/wp\/v2\/users\/73"}],"replies":[{"embeddable":true,"href":"https:\/\/plazajuarez.mx\/historico\/wp-json\/wp\/v2\/comments?post=30961"}],"version-history":[{"count":0,"href":"https:\/\/plazajuarez.mx\/historico\/wp-json\/wp\/v2\/posts\/30961\/revisions"}],"wp:attachment":[{"href":"https:\/\/plazajuarez.mx\/historico\/wp-json\/wp\/v2\/media?parent=30961"}],"wp:term":[{"taxonomy":"category","embeddable":true,"href":"https:\/\/plazajuarez.mx\/historico\/wp-json\/wp\/v2\/categories?post=30961"},{"taxonomy":"post_tag","embeddable":true,"href":"https:\/\/plazajuarez.mx\/historico\/wp-json\/wp\/v2\/tags?post=30961"}],"curies":[{"name":"wp","href":"https:\/\/api.w.org\/{rel}","templated":true}]}}