{"id":30870,"date":"2016-10-28T20:42:55","date_gmt":"2016-10-28T20:42:55","guid":{"rendered":"http:\/\/plazajuarez.mx\/index\/index.php\/2016\/10\/28\/padre-de-daphne-reconoce-rapidez-en-aval-a-extradicion-de-porky\/"},"modified":"2016-10-28T20:42:55","modified_gmt":"2016-10-28T20:42:55","slug":"padre-de-daphne-reconoce-rapidez-en-aval-a-extradicion-de-porky","status":"publish","type":"post","link":"https:\/\/plazajuarez.mx\/historico\/padre-de-daphne-reconoce-rapidez-en-aval-a-extradicion-de-porky\/","title":{"rendered":"Padre de Daphne reconoce rapidez en aval a extradici\u00f3n de &#8220;Porky&#8221;"},"content":{"rendered":"<p style=\"text-align: justify;\">Javier Fern\u00e1ndez, padre de la joven atacada presuntamente por un grupo de j\u00f3venes a quienes se les conoce como \u201cLos Porkys\u201d, se manifest\u00f3 \u201csorprendido\u201d por la rapidez de las autoridades espa\u00f1olas para autorizar la extradici\u00f3n de Diego Cruz, uno de los responsables, quien es reclamado por la justicia mexicana.<\/p>\n<p>  <!--more-->  <\/p>\n<p style=\"text-align: justify;\">\u201cBueno vamos avanzando, estoy sorprendido por la rapidez, la diferencia entre autoridades espa\u00f1olas y mexicanas, aqu\u00ed tardaron un a\u00f1o para empezar a moverse y solo por presi\u00f3n medi\u00e1tica y all\u00e1 inmediatamente resolvieron\u201d, expuso.<\/p>\n<p style=\"text-align: justify;\">El padre de familia, que encabez\u00f3 en medios y ante la justicia la exigencia para castigar el abuso contra su hija, aclar\u00f3 que si bien nunca estar\u00e1 satisfecho, reconoci\u00f3 que comienza a ver un avance en la aplicaci\u00f3n de la justicia.<\/p>\n<p style=\"text-align: justify;\">\u201cNo, satisfecho nunca voy a estar, pero siento que se est\u00e1 haciendo justicia, ha sido muy dif\u00edcil llegar a esto pero vamos avanzando, falta mucho, pero vamos por buen camino\u201d, dijo en entrevista v\u00eda telef\u00f3nica.<\/p>\n<p style=\"text-align: justify;\">\u00a0<\/p>\n<p class=\"MsoNormal\" style=\"text-align: justify;\">Los tribunales espa\u00f1oles decidieron acordar la extradici\u00f3n de Diego Cruz, el acusado de la violaci\u00f3n a una menor de edad en 2015 detenido en Madrid este verano. El fallo todav\u00eda puede ser recurrido por la defensa del acusado.<\/p>\n","protected":false},"excerpt":{"rendered":"<p>Javier Fern\u00e1ndez, padre de la joven atacada presuntamente por un grupo de j\u00f3venes a quienes se les conoce como \u201cLos Porkys\u201d, se manifest\u00f3 \u201csorprendido\u201d por la rapidez de las autoridades espa\u00f1olas para autorizar la extradici\u00f3n de Diego Cruz, uno de los responsables, quien es reclamado por la justicia mexicana.<\/p>\n","protected":false},"author":6,"featured_media":0,"comment_status":"open","ping_status":"open","sticky":false,"template":"","format":"standard","meta":{"footnotes":""},"categories":[37],"tags":[],"class_list":["post-30870","post","type-post","status-publish","format-standard","hentry","category-barandilla"],"_links":{"self":[{"href":"https:\/\/plazajuarez.mx\/historico\/wp-json\/wp\/v2\/posts\/30870","targetHints":{"allow":["GET"]}}],"collection":[{"href":"https:\/\/plazajuarez.mx\/historico\/wp-json\/wp\/v2\/posts"}],"about":[{"href":"https:\/\/plazajuarez.mx\/historico\/wp-json\/wp\/v2\/types\/post"}],"author":[{"embeddable":true,"href":"https:\/\/plazajuarez.mx\/historico\/wp-json\/wp\/v2\/users\/6"}],"replies":[{"embeddable":true,"href":"https:\/\/plazajuarez.mx\/historico\/wp-json\/wp\/v2\/comments?post=30870"}],"version-history":[{"count":0,"href":"https:\/\/plazajuarez.mx\/historico\/wp-json\/wp\/v2\/posts\/30870\/revisions"}],"wp:attachment":[{"href":"https:\/\/plazajuarez.mx\/historico\/wp-json\/wp\/v2\/media?parent=30870"}],"wp:term":[{"taxonomy":"category","embeddable":true,"href":"https:\/\/plazajuarez.mx\/historico\/wp-json\/wp\/v2\/categories?post=30870"},{"taxonomy":"post_tag","embeddable":true,"href":"https:\/\/plazajuarez.mx\/historico\/wp-json\/wp\/v2\/tags?post=30870"}],"curies":[{"name":"wp","href":"https:\/\/api.w.org\/{rel}","templated":true}]}}