{"id":30719,"date":"2016-10-26T13:19:31","date_gmt":"2016-10-26T13:19:31","guid":{"rendered":"http:\/\/plazajuarez.mx\/index\/index.php\/2016\/10\/26\/mecanismo-de-cidh-para-caso-iguala\/"},"modified":"2016-10-26T13:19:31","modified_gmt":"2016-10-26T13:19:31","slug":"mecanismo-de-cidh-para-caso-iguala","status":"publish","type":"post","link":"https:\/\/plazajuarez.mx\/historico\/mecanismo-de-cidh-para-caso-iguala\/","title":{"rendered":"Mecanismo de CIDH para caso Iguala"},"content":{"rendered":"<p>Llegar\u00e1 en noviembre<br \/>\u25cf\u00a0\u00a0\u00a0 Familiares de los 43 normalistas desaparecidos realizan desde el lunes un plant\u00f3n afuera del recinto legislativo de San L\u00e1zaro<\/p>\n<p>  <!--more-->  <\/p>\n<p>La Comisi\u00f3n Interamericana de Derechos Humanos (CIDH) inform\u00f3 que el mecanismo de seguimiento del caso Iguala realizar\u00e1 del 9 al 12 de noviembre pr\u00f3ximo la primera visita a M\u00e9xico. Adem\u00e1s, se\u00f1al\u00f3 que el Plan de Trabajo de dicho mecanismo tendr\u00e1 una duraci\u00f3n de 12 meses e incluir\u00e1 labores de recopilaci\u00f3n de informaci\u00f3n y documentaci\u00f3n sobre el caso de la desaparici\u00f3n de los 43 estudiantes normalistas de Ayotzinapa.<br \/>\u201cEl plan tambi\u00e9n incluir\u00e1 la frecuencia con que se pretende realizar las visitas regulares a M\u00e9xico y por el tiempo que resulte necesario para el labor del mecanismo\u201d, se\u00f1ala un reporte de la CIDH, distribuido aqu\u00ed por el Centro de Derechos Humanos \u201cMiguel Agust\u00edn Pro Ju\u00e1rez\u201d, instancia que representa legalmente a los padres de familia de los j\u00f3venes desaparecidos.<br \/>Hay que recordar que este mecanismo, acordado con el gobierno mexicano, la CIDH y los padres de familia de Ayotzinapa, dar\u00e1 seguimiento entre otras cosas a las recomendaciones que dej\u00f3 el Grupo Interdisciplinario de Expertos Independientes (GIEI)\u00a0 para avanzar en las investigaciones de los hechos de Iguala, que este mi\u00e9rcoles cumplen dos a\u00f1os y un mes.<\/p>\n","protected":false},"excerpt":{"rendered":"<p>Llegar\u00e1 en noviembre\u25cf\u00a0\u00a0\u00a0 Familiares de los 43 normalistas desaparecidos realizan desde el lunes un plant\u00f3n afuera del recinto legislativo de San L\u00e1zaro<\/p>\n","protected":false},"author":93,"featured_media":0,"comment_status":"open","ping_status":"open","sticky":false,"template":"","format":"standard","meta":{"footnotes":""},"categories":[36],"tags":[],"class_list":["post-30719","post","type-post","status-publish","format-standard","hentry","category-nacion"],"_links":{"self":[{"href":"https:\/\/plazajuarez.mx\/historico\/wp-json\/wp\/v2\/posts\/30719","targetHints":{"allow":["GET"]}}],"collection":[{"href":"https:\/\/plazajuarez.mx\/historico\/wp-json\/wp\/v2\/posts"}],"about":[{"href":"https:\/\/plazajuarez.mx\/historico\/wp-json\/wp\/v2\/types\/post"}],"author":[{"embeddable":true,"href":"https:\/\/plazajuarez.mx\/historico\/wp-json\/wp\/v2\/users\/93"}],"replies":[{"embeddable":true,"href":"https:\/\/plazajuarez.mx\/historico\/wp-json\/wp\/v2\/comments?post=30719"}],"version-history":[{"count":0,"href":"https:\/\/plazajuarez.mx\/historico\/wp-json\/wp\/v2\/posts\/30719\/revisions"}],"wp:attachment":[{"href":"https:\/\/plazajuarez.mx\/historico\/wp-json\/wp\/v2\/media?parent=30719"}],"wp:term":[{"taxonomy":"category","embeddable":true,"href":"https:\/\/plazajuarez.mx\/historico\/wp-json\/wp\/v2\/categories?post=30719"},{"taxonomy":"post_tag","embeddable":true,"href":"https:\/\/plazajuarez.mx\/historico\/wp-json\/wp\/v2\/tags?post=30719"}],"curies":[{"name":"wp","href":"https:\/\/api.w.org\/{rel}","templated":true}]}}