{"id":30715,"date":"2016-10-26T13:19:23","date_gmt":"2016-10-26T13:19:23","guid":{"rendered":"http:\/\/plazajuarez.mx\/index\/index.php\/2016\/10\/26\/el-pais-vive-nuevo-paradigma-energetico\/"},"modified":"2016-10-26T13:19:23","modified_gmt":"2016-10-26T13:19:23","slug":"el-pais-vive-nuevo-paradigma-energetico","status":"publish","type":"post","link":"https:\/\/plazajuarez.mx\/historico\/el-pais-vive-nuevo-paradigma-energetico\/","title":{"rendered":"\u201cEl pa\u00eds vive nuevo paradigma energ\u00e9tico\u201d"},"content":{"rendered":"<p>Lo asegura el secretario de Energ\u00eda, Joaqu\u00edn Coldwell<\/p>\n<p>\u25cf\u00a0\u00a0\u00a0 Frente a cuestionamientos de diputados por falta de resultados en materia energ\u00e9tica, el funcionario dijo que la nueva pol\u00edtica tiene apenas dos a\u00f1os de aplicaci\u00f3n<\/p>\n<p>  <!--more-->  <\/p>\n<p>El secretario de Energ\u00eda, Pedro Joaqu\u00edn Coldwell, explic\u00f3 a diputados que el pa\u00eds vive \u201cun nuevo paradigma energ\u00e9tico\u201d, a partir de la reforma constitucional en la materia y sostuvo que los problemas econ\u00f3micos en algunas regiones petroleras no pueden atribuirse al nuevo modelo de participaci\u00f3n de la iniciativa privada, sino a la ca\u00edda tan dr\u00e1stica de los precios internacionales.<br \/>En su comparecencia ante la Comisi\u00f3n de Energ\u00eda de la C\u00e1mara de Diputados, el funcionario dijo que si bien existe la intenci\u00f3n de algunos pa\u00edses, espec\u00edficamente los agrupados en la Organizaci\u00f3n de los Pa\u00edses Exportadores de Petr\u00f3leo (OPEP), de reducir su producci\u00f3n para tratar de estabilizar los precios, lo que m\u00e1s puede ayudar a su recuperaci\u00f3n significativa y duradera no es tanto la restricci\u00f3n de la oferta como el mejoramiento de la econom\u00eda mundial.<br \/>Ante las cr\u00edticas de los diputados respecto de que la reforma energ\u00e9tica no ha cumplido con las promesas que hizo el gobierno cuando present\u00f3 su iniciativa, Joaqu\u00edn Coldwell sostuvo que la nueva pol\u00edtica tiene apenas dos a\u00f1os de aplicaci\u00f3n y aun as\u00ed se han logrado m\u00e1s avances que en pa\u00edses donde se emprendi\u00f3 un cambio similar.<br \/>\u201cNecesitamos al capital privado para acceder a la riqueza petrolera. Los contratos son a 25 y 30 a\u00f1os. La industria petrolera no se maneja por los precios de hoy, sino en perspectivas de largo plazo. En consecuencia, el primer barril que saldr\u00eda de la licitaci\u00f3n del 5 de diciembre se estar\u00eda extrayendo a finales del siguiente sexenio\u201d, dijo en respuesta a la coordinadora de Morena, Roc\u00edo Nahle, quien le pregunt\u00f3 por qu\u00e9 si ahora el barril de petr\u00f3leo est\u00e1 en 42 d\u00f3lares, es negocio para las empresas.<br \/>Inform\u00f3 que a pesar del recorte de m\u00e1s de 100 mil millones de pesos a Pemex, el gobierno federal capitaliz\u00f3 a la petrolera con 295 mil millones de pesos, de los cuales destin\u00f3 143 mil millones al pago de sus proveedores. Dijo que de las 914 plazas que hab\u00eda en Pemex Corporativo, se recortaron 381 y de \u00e9stas 86 en altos mandos, lo que ha implicado un ahorro anual de 320 millones de pesos, adem\u00e1s de que reducciones por vi\u00e1ticos, fotocopiado y boletos de avi\u00f3n dej\u00f3 de gastar 3 mil millones de pesos.<\/p>\n","protected":false},"excerpt":{"rendered":"<p>Lo asegura el secretario de Energ\u00eda, Joaqu\u00edn Coldwell \u25cf\u00a0\u00a0\u00a0 Frente a cuestionamientos de diputados por falta de resultados en materia energ\u00e9tica, el funcionario dijo que la nueva pol\u00edtica tiene apenas dos a\u00f1os de aplicaci\u00f3n<\/p>\n","protected":false},"author":93,"featured_media":0,"comment_status":"open","ping_status":"open","sticky":false,"template":"","format":"standard","meta":{"footnotes":""},"categories":[36],"tags":[],"class_list":["post-30715","post","type-post","status-publish","format-standard","hentry","category-nacion"],"_links":{"self":[{"href":"https:\/\/plazajuarez.mx\/historico\/wp-json\/wp\/v2\/posts\/30715","targetHints":{"allow":["GET"]}}],"collection":[{"href":"https:\/\/plazajuarez.mx\/historico\/wp-json\/wp\/v2\/posts"}],"about":[{"href":"https:\/\/plazajuarez.mx\/historico\/wp-json\/wp\/v2\/types\/post"}],"author":[{"embeddable":true,"href":"https:\/\/plazajuarez.mx\/historico\/wp-json\/wp\/v2\/users\/93"}],"replies":[{"embeddable":true,"href":"https:\/\/plazajuarez.mx\/historico\/wp-json\/wp\/v2\/comments?post=30715"}],"version-history":[{"count":0,"href":"https:\/\/plazajuarez.mx\/historico\/wp-json\/wp\/v2\/posts\/30715\/revisions"}],"wp:attachment":[{"href":"https:\/\/plazajuarez.mx\/historico\/wp-json\/wp\/v2\/media?parent=30715"}],"wp:term":[{"taxonomy":"category","embeddable":true,"href":"https:\/\/plazajuarez.mx\/historico\/wp-json\/wp\/v2\/categories?post=30715"},{"taxonomy":"post_tag","embeddable":true,"href":"https:\/\/plazajuarez.mx\/historico\/wp-json\/wp\/v2\/tags?post=30715"}],"curies":[{"name":"wp","href":"https:\/\/api.w.org\/{rel}","templated":true}]}}