{"id":30713,"date":"2016-10-26T13:18:03","date_gmt":"2016-10-26T13:18:03","guid":{"rendered":"http:\/\/plazajuarez.mx\/index\/index.php\/2016\/10\/26\/iglesia-prohibe-esparcir-cenizas-de-difuntos-o-tenerlas-en-casa\/"},"modified":"2016-10-26T13:18:03","modified_gmt":"2016-10-26T13:18:03","slug":"iglesia-prohibe-esparcir-cenizas-de-difuntos-o-tenerlas-en-casa","status":"publish","type":"post","link":"https:\/\/plazajuarez.mx\/historico\/iglesia-prohibe-esparcir-cenizas-de-difuntos-o-tenerlas-en-casa\/","title":{"rendered":"Iglesia proh\u00edbe esparcir cenizas de difuntos o tenerlas en casa"},"content":{"rendered":"<p>Quiere los lleven al cementerio<\/p>\n<p>\u25cf\u00a0\u00a0\u00a0 El incumplimiento de esta medida puede suponer la negaci\u00f3n del funeral al fallecido<\/p>\n<p>  <!--more-->  <\/p>\n<p>La prohibici\u00f3n pretende evitar cualquier \u201cmalentendido pante\u00edsta, naturalista o nihilista\u2026 Y va m\u00e1s all\u00e1: &#8220;En el caso de que el difunto hubiera sido sometido a la cremaci\u00f3n y la dispersi\u00f3n de sus cenizas en la naturaleza por razones contrarias a la fe cristiana, se le ha de negar el funeral&#8221;. <br \/>La Iglesia cat\u00f3lica sigue prefiriendo enterrar a los muertos, pero en el caso de que por razones higi\u00e9nicas o por la voluntad expresa del finado se optase por la cremaci\u00f3n, proh\u00edbe que las cenizas sean esparcidas, divididas entre los familiares o conservadas en casa. <br \/>Seg\u00fan el documento \u201cInstruccion Ad resurgendum cum Christo\u201dredactado por la Congregaci\u00f3n para la Doctrina de la Fe \u2013antes Santo Oficio- la prohibici\u00f3n pretende evitar cualquier \u201cmalentendido pante\u00edsta, naturalista o nihilista\u201d. <br \/>Advierte que &#8220;no se permite la dispersi\u00f3n de las cenizas en el aire, tierra o agua o en cualquier otra forma, o la conversi\u00f3n de las cenizas en recuerdos conmemorativos, en piezas de joyer\u00eda u otros art\u00edculos&#8221;. <br \/>Justifica la elaboraci\u00f3n de un documento tan dr\u00e1stico como reacci\u00f3n a las nuevas pr\u00e1cticas en sepultura y cremaci\u00f3n &#8220;contrarias a la fe de la Iglesia&#8221;.<br \/>La conservaci\u00f3n de las cenizas en el hogar solo se contemplar\u00e1 &#8220;en casos de graves y excepcionales circunstancias&#8221;, o cuando una persona lo pida &#8220;por piedad o cercan\u00eda&#8221;, explic\u00f3 el consultor de la Congregaci\u00f3n, el espa\u00f1ol \u00c1ngel Rodr\u00edguez Lu\u00f1o, en la rueda de prensa. <br \/>Para la Iglesia, &#8220;la conservaci\u00f3n de las cenizas en un lugar sagrado ayuda a reducir el riesgo de apartar a los difuntos de la oraci\u00f3n&#8221;. Adem\u00e1s, &#8220;se evita la posibilidad de olvido, falta de respeto y malos tratos, que pueden sobrevenir sobre todo una vez pasada la primera generaci\u00f3n, as\u00ed como pr\u00e1cticas inconvenientes o supersticiosas&#8221;.<br \/>Se\u00f1ala que las cenizas deben mantenerse &#8220;en un lugar sagrado (el cementerio) o, si es el caso, en una iglesia o en un \u00e1rea especialmente dedicada a tal fin por la autoridad eclesi\u00e1stica competente. El prefecto de la Congregaci\u00f3n, el alem\u00e1n Gerhard Mueller, dijo: &#8220;Los muertos no son propiedad de los familiares, son hijos de Dios, y esperan en un campo santo su resurrecci\u00f3n&#8221;.<strong><br \/><\/strong><\/p>\n","protected":false},"excerpt":{"rendered":"<p>Quiere los lleven al cementerio \u25cf\u00a0\u00a0\u00a0 El incumplimiento de esta medida puede suponer la negaci\u00f3n del funeral al fallecido<\/p>\n","protected":false},"author":93,"featured_media":0,"comment_status":"open","ping_status":"open","sticky":false,"template":"","format":"standard","meta":{"footnotes":""},"categories":[31],"tags":[],"class_list":["post-30713","post","type-post","status-publish","format-standard","hentry","category-orbe"],"_links":{"self":[{"href":"https:\/\/plazajuarez.mx\/historico\/wp-json\/wp\/v2\/posts\/30713","targetHints":{"allow":["GET"]}}],"collection":[{"href":"https:\/\/plazajuarez.mx\/historico\/wp-json\/wp\/v2\/posts"}],"about":[{"href":"https:\/\/plazajuarez.mx\/historico\/wp-json\/wp\/v2\/types\/post"}],"author":[{"embeddable":true,"href":"https:\/\/plazajuarez.mx\/historico\/wp-json\/wp\/v2\/users\/93"}],"replies":[{"embeddable":true,"href":"https:\/\/plazajuarez.mx\/historico\/wp-json\/wp\/v2\/comments?post=30713"}],"version-history":[{"count":0,"href":"https:\/\/plazajuarez.mx\/historico\/wp-json\/wp\/v2\/posts\/30713\/revisions"}],"wp:attachment":[{"href":"https:\/\/plazajuarez.mx\/historico\/wp-json\/wp\/v2\/media?parent=30713"}],"wp:term":[{"taxonomy":"category","embeddable":true,"href":"https:\/\/plazajuarez.mx\/historico\/wp-json\/wp\/v2\/categories?post=30713"},{"taxonomy":"post_tag","embeddable":true,"href":"https:\/\/plazajuarez.mx\/historico\/wp-json\/wp\/v2\/tags?post=30713"}],"curies":[{"name":"wp","href":"https:\/\/api.w.org\/{rel}","templated":true}]}}