{"id":30712,"date":"2016-10-26T13:17:16","date_gmt":"2016-10-26T13:17:16","guid":{"rendered":"http:\/\/plazajuarez.mx\/index\/index.php\/2016\/10\/26\/la-noche-que-obama-humillo-a-donald-trump\/"},"modified":"2016-10-26T13:17:16","modified_gmt":"2016-10-26T13:17:16","slug":"la-noche-que-obama-humillo-a-donald-trump","status":"publish","type":"post","link":"https:\/\/plazajuarez.mx\/historico\/la-noche-que-obama-humillo-a-donald-trump\/","title":{"rendered":"La noche que Obama humill\u00f3 a Donald Trump"},"content":{"rendered":"<p>Cena de corresponsales en 2011<\/p>\n<p>\u25cf\u00a0\u00a0\u00a0 Aseguran que eso impuls\u00f3 al loco Donaldo a querer ser Presidente<\/p>\n<p>  <!--more-->  <\/p>\n<p>&#8220;Este es el tipo de cosas que me mantienen despierto por la noche. Buen trabajo, se\u00f1or, buen trabajo. Sin duda, Donald traer\u00e1 el cambio a la Casa Blanca&#8221;. Trump fue agachando la cabeza seg\u00fan pasaban los minutos y poco a poco abandon\u00f3 la sonrisa. <br \/>El evento ha pasado a la historia como \u201cla cena que nos regal\u00f3 la candidatura de Donald Trump\u201d, la cena de corresponsales de 2011 en Washington, a la que acudi\u00f3 el empresario. Para The New York Times, fue \u201cuna noche de humillaci\u00f3n p\u00fablica que en vez de ahuyentarle, aceler\u00f3 sus feroces esfuerzos para ganar estatura en la pol\u00edtica\u201d.<br \/>La cita ten\u00eda todos los ingredientes para que el magnate y estrella de la televisi\u00f3n disfrutase de la compa\u00f1\u00eda de m\u00e1s de 2.500 personalidades de los medios y del mundo del espect\u00e1culo. Pero en cuanto el presidente Obama tom\u00f3 el micr\u00f3fono, los presentes y los televidentes se dieron cuenta de que Trump iba a cumplir un papel muy distinto del esperado.<br \/>\u201cVaya semana\u201d, dijo el mandatario dem\u00f3crata nada m\u00e1s empezar. Era su reacci\u00f3n a los d\u00edas en que la Casa Blanca public\u00f3 su certificado de nacimiento para acallar el insultante rumor del que se hab\u00eda adue\u00f1ado Trump y que aseguraba que no hab\u00eda nacido en EU y por tanto su mandato era ileg\u00edtimo.<br \/>Los siguientes minutos pudieron cambiar efectivamente la vida de Trump, aunque solo \u00e9l sabe si las burlas del presidente, las risas en toda la sala y el gui\u00f3n desenlazado durante los d\u00edas siguientes verdaderamente le inspiraron a vengarse de Obama present\u00e1ndose a las elecciones para sustituirle en la Casa Blanca.<br \/>Lo que s\u00ed sabemos es que las palabras del presidente supieron a venganza por partida doble. La primera, porque Trump fue el objeto de sus chistes m\u00e1s duros aquella noche. Obama se ri\u00f3 de su presencia en el programa de telerrealidad The Apprentice, especul\u00f3 con publicar un v\u00eddeo de su nacimiento para despejar todas las dudas e incluso aludi\u00f3 a que, aclarado su lugar de origen, \u201cahora [Donald] podr\u00e1 centrarse en lo que verdaderamente importa\u201d.<br \/>Obama se dirigi\u00f3 a Trump: &#8220;Creo que todos sabemos cu\u00e1les son tus credenciales y amplia experiencia&#8221;, dijo, al mismo tiempo que la audiencia ve\u00eda al empresario expulsar a un concursante. <\/p>\n","protected":false},"excerpt":{"rendered":"<p>Cena de corresponsales en 2011 \u25cf\u00a0\u00a0\u00a0 Aseguran que eso impuls\u00f3 al loco Donaldo a querer ser Presidente<\/p>\n","protected":false},"author":93,"featured_media":0,"comment_status":"open","ping_status":"open","sticky":false,"template":"","format":"standard","meta":{"footnotes":""},"categories":[31],"tags":[],"class_list":["post-30712","post","type-post","status-publish","format-standard","hentry","category-orbe"],"_links":{"self":[{"href":"https:\/\/plazajuarez.mx\/historico\/wp-json\/wp\/v2\/posts\/30712","targetHints":{"allow":["GET"]}}],"collection":[{"href":"https:\/\/plazajuarez.mx\/historico\/wp-json\/wp\/v2\/posts"}],"about":[{"href":"https:\/\/plazajuarez.mx\/historico\/wp-json\/wp\/v2\/types\/post"}],"author":[{"embeddable":true,"href":"https:\/\/plazajuarez.mx\/historico\/wp-json\/wp\/v2\/users\/93"}],"replies":[{"embeddable":true,"href":"https:\/\/plazajuarez.mx\/historico\/wp-json\/wp\/v2\/comments?post=30712"}],"version-history":[{"count":0,"href":"https:\/\/plazajuarez.mx\/historico\/wp-json\/wp\/v2\/posts\/30712\/revisions"}],"wp:attachment":[{"href":"https:\/\/plazajuarez.mx\/historico\/wp-json\/wp\/v2\/media?parent=30712"}],"wp:term":[{"taxonomy":"category","embeddable":true,"href":"https:\/\/plazajuarez.mx\/historico\/wp-json\/wp\/v2\/categories?post=30712"},{"taxonomy":"post_tag","embeddable":true,"href":"https:\/\/plazajuarez.mx\/historico\/wp-json\/wp\/v2\/tags?post=30712"}],"curies":[{"name":"wp","href":"https:\/\/api.w.org\/{rel}","templated":true}]}}