{"id":3071,"date":"2015-03-31T06:00:00","date_gmt":"2015-03-31T06:00:00","guid":{"rendered":"http:\/\/plazajuarez.mx\/index\/index.php\/2015\/03\/31\/gasto-publico-no-incide-en-crecimiento-destaca-el-cce\/"},"modified":"2015-03-31T06:00:00","modified_gmt":"2015-03-31T06:00:00","slug":"gasto-publico-no-incide-en-crecimiento-destaca-el-cce","status":"publish","type":"post","link":"https:\/\/plazajuarez.mx\/historico\/gasto-publico-no-incide-en-crecimiento-destaca-el-cce\/","title":{"rendered":"Gasto p\u00fablico no incide en crecimiento, destaca el CCE"},"content":{"rendered":"<p>M\u00e8xico, D.F.- El gasto p\u00fablico no ha tenido una incidencia efectiva en el crecimiento de M\u00e9xico, por lo que deben de encontrarse opciones para impulsar una reactivaci\u00f3n de la actividad productiva, as\u00ed como fortalecer la econom\u00eda en su conjunto porque es insuficiente solamente blindar las finanzas p\u00fablicas, asegur\u00f3 el Consejo Coordinador Empresarial (CCE).<\/p>\n<p>  <!--more-->  <\/p>\n<p>\u00a0<\/p>\n<p>Adem\u00e1s de los problemas del exterior, hay riesgos a desactivar en el pa\u00eds como impedir que se prolongue un estancamiento en el mercado interno y que las inversiones esperadas se retrasen. \u00a0Debe cuidarse el d\u00e9ficit y la deuda p\u00fablica, dar seguimiento y actuar responsablemente ante la volatilidad de tipo de cambio y cuidar ajustes a la tasa de inter\u00e9s y atender los retos de la inseguridad p\u00fablica y los problemas sociales, de Estado de derecho y gobernabilidad democr\u00e1tica en algunas zonas del pa\u00eds, explic\u00f3 el presidente del CCE, Gerardo Guti\u00e9rrez Candiani.<\/p>\n<p>Hace falta aprovechar la oportunidad de iniciar con un presupuesto base cero para el 2016, de manera que se haga una reingenier\u00eda basada en la eficiencia, transparencia y rendici\u00f3n de cuentas. \u00a0&#8220;No s\u00f3lo hay que blindar las finanzas p\u00fablicas, sino fortalecer a la econom\u00eda en su conjunto, ayudar a que las familias y las empresas puedan consumir e invertir m\u00e1s, y as\u00ed generar el c\u00edrculo virtuoso b\u00e1sico para aspirar a un crecimiento sostenido, con estabilidad macroecon\u00f3mica&#8221;, dijo.<\/p>\n<p>Impulsar la actividad productiva ser\u00e1 la \u00fanica manera para que el gobierno recaude lo suficiente y deje de depender tanto de los ingresos petroleros o de un esquema fiscal como el actual, que genera frenos a la inversi\u00f3n y al consumo privado. \u00a0&#8220;Seguiremos insistiendo en la necesidad de construir una reforma hacendaria integral, gran reto de M\u00e9xico. El presupuesto base cero es un componente fundamental en este sentido, pero debe complementarse con la parte tributaria, buscando una f\u00f3rmula favorable al crecimiento&#8221;, expuso en el mensaje semanal la Voz del CCE. (Agencias)<\/p>\n","protected":false},"excerpt":{"rendered":"<p>M\u00e8xico, D.F.- El gasto p\u00fablico no ha tenido una incidencia efectiva en el crecimiento de M\u00e9xico, por lo que deben de encontrarse opciones para impulsar una reactivaci\u00f3n de la actividad productiva, as\u00ed como fortalecer la econom\u00eda en su conjunto porque es insuficiente solamente blindar las finanzas p\u00fablicas, asegur\u00f3 el Consejo Coordinador Empresarial (CCE).<\/p>\n","protected":false},"author":93,"featured_media":0,"comment_status":"open","ping_status":"open","sticky":false,"template":"","format":"standard","meta":{"footnotes":""},"categories":[36],"tags":[],"class_list":["post-3071","post","type-post","status-publish","format-standard","hentry","category-nacion"],"_links":{"self":[{"href":"https:\/\/plazajuarez.mx\/historico\/wp-json\/wp\/v2\/posts\/3071","targetHints":{"allow":["GET"]}}],"collection":[{"href":"https:\/\/plazajuarez.mx\/historico\/wp-json\/wp\/v2\/posts"}],"about":[{"href":"https:\/\/plazajuarez.mx\/historico\/wp-json\/wp\/v2\/types\/post"}],"author":[{"embeddable":true,"href":"https:\/\/plazajuarez.mx\/historico\/wp-json\/wp\/v2\/users\/93"}],"replies":[{"embeddable":true,"href":"https:\/\/plazajuarez.mx\/historico\/wp-json\/wp\/v2\/comments?post=3071"}],"version-history":[{"count":0,"href":"https:\/\/plazajuarez.mx\/historico\/wp-json\/wp\/v2\/posts\/3071\/revisions"}],"wp:attachment":[{"href":"https:\/\/plazajuarez.mx\/historico\/wp-json\/wp\/v2\/media?parent=3071"}],"wp:term":[{"taxonomy":"category","embeddable":true,"href":"https:\/\/plazajuarez.mx\/historico\/wp-json\/wp\/v2\/categories?post=3071"},{"taxonomy":"post_tag","embeddable":true,"href":"https:\/\/plazajuarez.mx\/historico\/wp-json\/wp\/v2\/tags?post=3071"}],"curies":[{"name":"wp","href":"https:\/\/api.w.org\/{rel}","templated":true}]}}