{"id":3069,"date":"2015-03-31T06:00:00","date_gmt":"2015-03-31T06:00:00","guid":{"rendered":"http:\/\/plazajuarez.mx\/index\/index.php\/2015\/03\/31\/en-la-indefension-mas-de-2-millones-de-empleadas-domesticas-ong\/"},"modified":"2015-03-31T06:00:00","modified_gmt":"2015-03-31T06:00:00","slug":"en-la-indefension-mas-de-2-millones-de-empleadas-domesticas-ong","status":"publish","type":"post","link":"https:\/\/plazajuarez.mx\/historico\/en-la-indefension-mas-de-2-millones-de-empleadas-domesticas-ong\/","title":{"rendered":"En la indefensi\u00f3n, m\u00e1s de 2 millones  de empleadas dom\u00e9sticas: ONG"},"content":{"rendered":"<p>El gobierno federal ha dejado en estado de indefensi\u00f3n legal a m\u00e1s de dos millones de mexicanos, mujeres en su mayor\u00eda, que se dedican al trabajo remunerado del hogar, aseguraron organizaciones no gubernamentales y especialistas en derechos humanos.<\/p>\n<p>  <!--more-->  <\/p>\n<p>\u00a0<\/p>\n<p>En conferencia de prensa, leyeron una carta que enviaron el pasado 27 de marzo al presidente de la Rep\u00fablica, Enrique Pe\u00f1a Nieto, a quien le exigen env\u00ede al Senado de la Rep\u00fablica el Convenio 189 de la OIT para su ratificaci\u00f3n. \u201cDesde la sociedad civil, creemos que la actual administraci\u00f3n no puede darse el lujo de seguir cometiendo errores en materia de sensibilidad social, de derechos humanos y de trato digno a las personas&#8221;. (Agencias)<\/p>\n","protected":false},"excerpt":{"rendered":"<p>El gobierno federal ha dejado en estado de indefensi\u00f3n legal a m\u00e1s de dos millones de mexicanos, mujeres en su mayor\u00eda, que se dedican al trabajo remunerado del hogar, aseguraron organizaciones no gubernamentales y especialistas en derechos humanos.<\/p>\n","protected":false},"author":93,"featured_media":0,"comment_status":"open","ping_status":"open","sticky":false,"template":"","format":"standard","meta":{"footnotes":""},"categories":[36],"tags":[],"class_list":["post-3069","post","type-post","status-publish","format-standard","hentry","category-nacion"],"_links":{"self":[{"href":"https:\/\/plazajuarez.mx\/historico\/wp-json\/wp\/v2\/posts\/3069","targetHints":{"allow":["GET"]}}],"collection":[{"href":"https:\/\/plazajuarez.mx\/historico\/wp-json\/wp\/v2\/posts"}],"about":[{"href":"https:\/\/plazajuarez.mx\/historico\/wp-json\/wp\/v2\/types\/post"}],"author":[{"embeddable":true,"href":"https:\/\/plazajuarez.mx\/historico\/wp-json\/wp\/v2\/users\/93"}],"replies":[{"embeddable":true,"href":"https:\/\/plazajuarez.mx\/historico\/wp-json\/wp\/v2\/comments?post=3069"}],"version-history":[{"count":0,"href":"https:\/\/plazajuarez.mx\/historico\/wp-json\/wp\/v2\/posts\/3069\/revisions"}],"wp:attachment":[{"href":"https:\/\/plazajuarez.mx\/historico\/wp-json\/wp\/v2\/media?parent=3069"}],"wp:term":[{"taxonomy":"category","embeddable":true,"href":"https:\/\/plazajuarez.mx\/historico\/wp-json\/wp\/v2\/categories?post=3069"},{"taxonomy":"post_tag","embeddable":true,"href":"https:\/\/plazajuarez.mx\/historico\/wp-json\/wp\/v2\/tags?post=3069"}],"curies":[{"name":"wp","href":"https:\/\/api.w.org\/{rel}","templated":true}]}}