{"id":3068,"date":"2015-03-31T06:00:00","date_gmt":"2015-03-31T06:00:00","guid":{"rendered":"http:\/\/plazajuarez.mx\/index\/index.php\/2015\/03\/31\/eu-denuncia-que-hizbula-y-narcos-mexicanos-trabajan-juntos\/"},"modified":"2015-03-31T06:00:00","modified_gmt":"2015-03-31T06:00:00","slug":"eu-denuncia-que-hizbula-y-narcos-mexicanos-trabajan-juntos","status":"publish","type":"post","link":"https:\/\/plazajuarez.mx\/historico\/eu-denuncia-que-hizbula-y-narcos-mexicanos-trabajan-juntos\/","title":{"rendered":"EU denuncia que Hizbul\u00e1 y &#8216;narcos&#8217;  mexicanos trabajan juntos"},"content":{"rendered":"<p>Ciudad de M\u00e9xico.- &#8220;El grupo terrorista Hizbul\u00e1, que se ha asentado en diversos puntos de Latinoam\u00e9rica, est\u00e1 involucrado con diversos grupos del narcotr\u00e1fico, entre ellos el mexicano, por lo que es necesario que EU considere este tema como prioridad nacional&#8221;, se\u00f1al\u00f3 el general Kenneth Tovo, subcomandante del Comando Sur estadounidense en una reciente comparecencia en el Senado.<\/p>\n<p>  <!--more-->  <\/p>\n<p>\u00a0<\/p>\n<p>Tovo afirm\u00f3 en su comparecencia del pasado 25 de marzo que el partido-milicia chi\u00ed libanesa &#8220;recibe beneficios del narcotr\u00e1fico, especialmente del lavado de dinero&#8221;. El general hablaba de &#8220;millones de d\u00f3lares&#8221;. Algo que ya hab\u00eda se\u00f1alado el tambi\u00e9n general John Kelly el pasado octubre, cuando subray\u00f3 que &#8220;parte del dinero de la coca\u00edna que va a EU es lavado en cofres de Hizbul\u00e1&#8221;.<\/p>\n<p>El investigador Tom D\u00edaz tambi\u00e9n confirma ese v\u00ednculo y se\u00f1ala que el movimiento, cuyo brazo armado est\u00e1 considerado terrorista por la Uni\u00f3n Europea, &#8220;est\u00e1 fuertemente involucrado en el narcotr\u00e1fico mexicano desde un punto de vista econ\u00f3mico&#8221;. No obstante, ha descartado que la relaci\u00f3n suponga una amenaza terrorista para los estadounidenses.<\/p>\n<p>En todo caso, la vinculaci\u00f3n de grupos terroristas y los &#8216;narcos&#8217; latinoamericanos, especialmente mexicanos, es un asunto que se lleva investigando los \u00faltimos a\u00f1os. Un informe de la DEA de 2014 se\u00f1alaba que el poderoso cartel de Sinaloa, en su pol\u00edtica expansionista por Europa y \u00c1frica, habr\u00eda entrado en contacto con las organizaciones Hizbul\u00e1 y Al Qaeda. En el documento se indica tambi\u00e9n que los grupos terroristas del oeste africano y el Sahel &#8220;utilizan las ganancias que adquieren de colombianos y mexicanos para financiar sus actividades&#8221;. (Agencias)<\/p>\n","protected":false},"excerpt":{"rendered":"<p>Ciudad de M\u00e9xico.- &#8220;El grupo terrorista Hizbul\u00e1, que se ha asentado en diversos puntos de Latinoam\u00e9rica, est\u00e1 involucrado con diversos grupos del narcotr\u00e1fico, entre ellos el mexicano, por lo que es necesario que EU considere este tema como prioridad nacional&#8221;, se\u00f1al\u00f3 el general Kenneth Tovo, subcomandante del Comando Sur estadounidense en una reciente comparecencia en [&hellip;]<\/p>\n","protected":false},"author":93,"featured_media":0,"comment_status":"open","ping_status":"open","sticky":false,"template":"","format":"standard","meta":{"footnotes":""},"categories":[31],"tags":[],"class_list":["post-3068","post","type-post","status-publish","format-standard","hentry","category-orbe"],"_links":{"self":[{"href":"https:\/\/plazajuarez.mx\/historico\/wp-json\/wp\/v2\/posts\/3068","targetHints":{"allow":["GET"]}}],"collection":[{"href":"https:\/\/plazajuarez.mx\/historico\/wp-json\/wp\/v2\/posts"}],"about":[{"href":"https:\/\/plazajuarez.mx\/historico\/wp-json\/wp\/v2\/types\/post"}],"author":[{"embeddable":true,"href":"https:\/\/plazajuarez.mx\/historico\/wp-json\/wp\/v2\/users\/93"}],"replies":[{"embeddable":true,"href":"https:\/\/plazajuarez.mx\/historico\/wp-json\/wp\/v2\/comments?post=3068"}],"version-history":[{"count":0,"href":"https:\/\/plazajuarez.mx\/historico\/wp-json\/wp\/v2\/posts\/3068\/revisions"}],"wp:attachment":[{"href":"https:\/\/plazajuarez.mx\/historico\/wp-json\/wp\/v2\/media?parent=3068"}],"wp:term":[{"taxonomy":"category","embeddable":true,"href":"https:\/\/plazajuarez.mx\/historico\/wp-json\/wp\/v2\/categories?post=3068"},{"taxonomy":"post_tag","embeddable":true,"href":"https:\/\/plazajuarez.mx\/historico\/wp-json\/wp\/v2\/tags?post=3068"}],"curies":[{"name":"wp","href":"https:\/\/api.w.org\/{rel}","templated":true}]}}