{"id":30526,"date":"2016-10-23T13:34:23","date_gmt":"2016-10-23T13:34:23","guid":{"rendered":"http:\/\/plazajuarez.mx\/index\/index.php\/2016\/10\/23\/estamos-equivocando-el-camino\/"},"modified":"2016-10-23T13:34:23","modified_gmt":"2016-10-23T13:34:23","slug":"estamos-equivocando-el-camino","status":"publish","type":"post","link":"https:\/\/plazajuarez.mx\/historico\/estamos-equivocando-el-camino\/","title":{"rendered":"Estamos equivocando el camino\u2026"},"content":{"rendered":"<p dir=\"ltr\">Con el af\u00e1n de dar cumplimiento al concepto de una eficiente impartici\u00f3n de justicia, desde mi opini\u00f3n, considero que estamos abusando del camino de la conciliaci\u00f3n y la mediaci\u00f3n, generando con ese abuso un clima de impunidad, pero tambi\u00e9n de molestia entre quienes se ven forzados a negociar lo que se supone debe ser castigado, sus resultados comienzan a ser desastrosos.<\/p>\n<p>  <!--more-->  <\/p>\n<p>\u00a0<\/p>\n<p dir=\"ltr\">El Gobierno afirma que con la implementaci\u00f3n de los m\u00e9todos alternativos de soluci\u00f3n de los conflictos, es un medio de acercamiento real a la justicia, ya que las partes toman su caso en sus manos y auxiliadas o no por un tercero intentan solucionarlo; adem\u00e1s se vanaglorian de que con este sistema ser\u00e1n solo los asuntos importantes los que lleguen a judicializarse y los dem\u00e1s, se resolver\u00e1n a trav\u00e9s de la justicia restaurativa; y que adem\u00e1s, con este nuevo sistema las c\u00e1rceles se despresurizar\u00e1n, llevando a penas privativas de la libertad s\u00f3lo en aquellos delitos que por su monto o gravedad realmente lo ameriten.<\/p>\n<p>\u00a0<\/p>\n<p dir=\"ltr\">Desde la perspectiva gubernamental se oye como si el sistema funcionara y por lo tanto no tardar\u00e1n en aparecer las estad\u00edsticas de que la delincuencia ha disminuido; adem\u00e1s de que ahora las v\u00edctimas ya podr\u00e1n resolver personalmente, a trav\u00e9s de la mediaci\u00f3n o la conciliaci\u00f3n, sus propios asuntos y por lo tanto quedar\u00e1n satisfechos del arreglo, debido a su participaci\u00f3n directa en el mismo.<\/p>\n<p>\u00a0<\/p>\n<p dir=\"ltr\">La realidad es que no, no creo que ahora la gente quede satisfecha cuando se le est\u00e1 pr\u00e1cticamente obligando \u2013analicemos los criterios de oportunidad- a negociar con su victimario; conciliaci\u00f3n que deja a la v\u00edctima en una posici\u00f3n de desventaja, ya que se le est\u00e1 revictimizando al enfrentarlo con el que cometi\u00f3 el injusto, y por el temor a las represalias, o quiz\u00e1, actitudes amenazantes, tenga que aceptar la conciliaci\u00f3n, cuando lo menos que se espera por la comisi\u00f3n de un delito es que el delincuente sea castigado; para eso fueron creadas las Autoridades jurisdiccionales y no para delegar en la propia v\u00edctima la resoluci\u00f3n de su propio asunto.<\/p>\n<p>\u00a0<\/p>\n<p dir=\"ltr\">Las Autoridades podr\u00e1n ufanarse de que los asuntos que se judicializan habr\u00e1n de disminuir, pero lo que no podr\u00e1n quitar es ese sentimiento de frustraci\u00f3n del ciudadano al darse cuenta que el castigo al delincuente se le ha cambiado por una oportunidad de negociar y posteriormente continuar con la secuela de impunidad y de venganza. C\u00f3mo exigirle que cumpla al que ha provocado un da\u00f1o en nuestra esfera jur\u00eddica, cuando las Autoridades, en lugar de hacer su chamba, solo nos invitan a que nos sentemos y negociemos la reparaci\u00f3n del da\u00f1o. Quiz\u00e1 por ello se han incrementado los linchamientos en estos \u00faltimos meses, ya que es la interpretaci\u00f3n a los mensajes de resolver nuestros propios asuntos, entonces, bajo esa perspectiva, la gente toma el asunto en sus manos y lo soluciona personalmente con los resultados sangrientos que a diario vemos en las noticias.<\/p>\n<p>\u00a0<\/p>\n<p dir=\"ltr\">Y ahora siguen con la materia laboral, ya vemos que tambi\u00e9n quieren que arreglemos nosotros mismos los conflictos laborales en una sola audiencia, \u00bfqu\u00e9 no se han dado cuenta que la clase trabajadora quedar\u00e1 disminuida ante un enfrentamiento real en una audiencia de conciliaci\u00f3n por la diferencia de recursos de cada una de las partes contendientes?. Solo espero que en la propuesta en verdad se coloquen candados que no hagan que los trabajadores tambi\u00e9n tengan una interpretaci\u00f3n dura de este sistema que se pretende judicializar.<\/p>\n<p>\u00a0<\/p>\n<p dir=\"ltr\">El clima de impunidad que se respira tambi\u00e9n tiene como origen la displicencia y \u00a0lavado de manos de quienes deben aplicar la justicia.<\/p>\n<p>\u00a0<\/p>\n<p dir=\"ltr\">Las palabras se las lleva el viento, pero mi pensamiento escrito est\u00e1.<\/p><\/p>\n","protected":false},"excerpt":{"rendered":"<p>Con el af\u00e1n de dar cumplimiento al concepto de una eficiente impartici\u00f3n de justicia, desde mi opini\u00f3n, considero que estamos abusando del camino de la conciliaci\u00f3n y la mediaci\u00f3n, generando con ese abuso un clima de impunidad, pero tambi\u00e9n de molestia entre quienes se ven forzados a negociar lo que se supone debe ser castigado, [&hellip;]<\/p>\n","protected":false},"author":3,"featured_media":0,"comment_status":"open","ping_status":"open","sticky":false,"template":"","format":"standard","meta":{"footnotes":""},"categories":[42],"tags":[],"class_list":["post-30526","post","type-post","status-publish","format-standard","hentry","category-nuestrapalabra"],"_links":{"self":[{"href":"https:\/\/plazajuarez.mx\/historico\/wp-json\/wp\/v2\/posts\/30526","targetHints":{"allow":["GET"]}}],"collection":[{"href":"https:\/\/plazajuarez.mx\/historico\/wp-json\/wp\/v2\/posts"}],"about":[{"href":"https:\/\/plazajuarez.mx\/historico\/wp-json\/wp\/v2\/types\/post"}],"author":[{"embeddable":true,"href":"https:\/\/plazajuarez.mx\/historico\/wp-json\/wp\/v2\/users\/3"}],"replies":[{"embeddable":true,"href":"https:\/\/plazajuarez.mx\/historico\/wp-json\/wp\/v2\/comments?post=30526"}],"version-history":[{"count":0,"href":"https:\/\/plazajuarez.mx\/historico\/wp-json\/wp\/v2\/posts\/30526\/revisions"}],"wp:attachment":[{"href":"https:\/\/plazajuarez.mx\/historico\/wp-json\/wp\/v2\/media?parent=30526"}],"wp:term":[{"taxonomy":"category","embeddable":true,"href":"https:\/\/plazajuarez.mx\/historico\/wp-json\/wp\/v2\/categories?post=30526"},{"taxonomy":"post_tag","embeddable":true,"href":"https:\/\/plazajuarez.mx\/historico\/wp-json\/wp\/v2\/tags?post=30526"}],"curies":[{"name":"wp","href":"https:\/\/api.w.org\/{rel}","templated":true}]}}