{"id":305027,"date":"2024-04-12T00:46:17","date_gmt":"2024-04-12T06:46:17","guid":{"rendered":"https:\/\/plazajuarez.mx\/?p=305027"},"modified":"2024-04-12T00:46:20","modified_gmt":"2024-04-12T06:46:20","slug":"real-madrid-y-barcelona-aparcan-la-champions-para-reanudar-la-lucha-por-el-titulo","status":"publish","type":"post","link":"https:\/\/plazajuarez.mx\/historico\/real-madrid-y-barcelona-aparcan-la-champions-para-reanudar-la-lucha-por-el-titulo\/","title":{"rendered":"Real Madrid y Barcelona aparcan la Champions para reanudar la lucha por el t\u00edtulo"},"content":{"rendered":"\n<p><strong>&nbsp;<\/strong>El Real Madrid y Barcelona, tras igualar ante el Manchester City y vencer al PSG en el Parque de los Pr\u00edncipes, aparcan puntualmente la Liga de Campeones para reanudar la lucha por el t\u00edtulo de LaLiga EA Sports en los campos del Mallorca, dolorido por caer en los penaltis de la final de la Copa del Rey, y del C\u00e1diz, respectivamente.<\/p>\n\n\n\n<p>Ambos son dos equipos que luchan en la zona delicada de la tabla. El cuadro balear del mexicano Javier Aguirre tiene seis puntos de margen sobre el equipo cadista del argentino Mauricio Pellegrino, que marca el descenso. Su necesidad y contar con el respaldo de su afici\u00f3n les har\u00e1 si cabe enemigos m\u00e1s peligrosos.<\/p>\n\n\n\n<p>La jornada cobra una especial relevancia a la vista del cl\u00e1sico del pr\u00f3ximo fin de semana en el Santiago Bernab\u00e9u. Ocho puntos separan a madridistas y azulgranas. El objetivo del conjunto de Carlo Ancelotti es, al menos, mantener esa distancia para no complicarse su s\u00f3lida carrera hacia el t\u00edtulo y m\u00e1s ante el gran duelo del domingo 21.<\/p>\n\n\n\n<p>El entrenador italiano podr\u00eda recurrir a numerosas rotaciones a la vista del desgaste acumulado ante el City y ante la determinante visita al Etihad. El franc\u00e9s Aurelien Tchouameni que no podr\u00e1 jugar la vuelta de la Champions por sanci\u00f3n puede ser uno de los que contin\u00fae en el once para resguardar a su compatriota Eduardo Camavinga o el germano Toni Kroos. Tambi\u00e9n podr\u00eda probar al brasile\u00f1o Eder Militao y comprobar c\u00f3mo se encuentra tras su larga lesi\u00f3n.<\/p>\n\n\n\n<p>El Mallorca, como demostr\u00f3 en su andadura copera e incluso en el Bernab\u00e9u, es un equipo rocoso, dif\u00edcil de batir, al que no le est\u00e1n saliendo del todo bien las cosas en la liga, pero en casa gana enteros -ha ganado tres de los \u00faltimos cinco partidos en Son Moix-. Adem\u00e1s querr\u00e1 homenajear a la afici\u00f3n que tanto le apoy\u00f3 en la final de La Cartuja con un triunfo de post\u00edn, como el que consigui\u00f3 el a\u00f1o pasado, ante el Real Madrid que le acerque a la salvaci\u00f3n.<\/p>\n\n\n\n<p>Tras la magn\u00edfica prestaci\u00f3n en Par\u00eds, donde reaparecieron Frenkie de Jong y Pedri Gonz\u00e1lez, y con una gran actuaci\u00f3n del brasile\u00f1o Raphinha, el Barcelona quiere seguir agotando sus opciones de revalidar el t\u00edtulo.&nbsp;<\/p>\n","protected":false},"excerpt":{"rendered":"<p>&nbsp;El Real Madrid y Barcelona, tras igualar ante el Manchester City y vencer al PSG en el Parque de los Pr\u00edncipes, aparcan puntualmente la Liga de Campeones para reanudar la lucha por el t\u00edtulo de LaLiga EA Sports en los campos del Mallorca, dolorido por caer en los penaltis de la final de la Copa [&hellip;]<\/p>\n","protected":false},"author":80,"featured_media":305029,"comment_status":"closed","ping_status":"closed","sticky":false,"template":"","format":"standard","meta":{"footnotes":""},"categories":[39],"tags":[],"class_list":["post-305027","post","type-post","status-publish","format-standard","has-post-thumbnail","hentry","category-deportiva"],"_links":{"self":[{"href":"https:\/\/plazajuarez.mx\/historico\/wp-json\/wp\/v2\/posts\/305027","targetHints":{"allow":["GET"]}}],"collection":[{"href":"https:\/\/plazajuarez.mx\/historico\/wp-json\/wp\/v2\/posts"}],"about":[{"href":"https:\/\/plazajuarez.mx\/historico\/wp-json\/wp\/v2\/types\/post"}],"author":[{"embeddable":true,"href":"https:\/\/plazajuarez.mx\/historico\/wp-json\/wp\/v2\/users\/80"}],"replies":[{"embeddable":true,"href":"https:\/\/plazajuarez.mx\/historico\/wp-json\/wp\/v2\/comments?post=305027"}],"version-history":[{"count":1,"href":"https:\/\/plazajuarez.mx\/historico\/wp-json\/wp\/v2\/posts\/305027\/revisions"}],"predecessor-version":[{"id":305030,"href":"https:\/\/plazajuarez.mx\/historico\/wp-json\/wp\/v2\/posts\/305027\/revisions\/305030"}],"wp:featuredmedia":[{"embeddable":true,"href":"https:\/\/plazajuarez.mx\/historico\/wp-json\/wp\/v2\/media\/305029"}],"wp:attachment":[{"href":"https:\/\/plazajuarez.mx\/historico\/wp-json\/wp\/v2\/media?parent=305027"}],"wp:term":[{"taxonomy":"category","embeddable":true,"href":"https:\/\/plazajuarez.mx\/historico\/wp-json\/wp\/v2\/categories?post=305027"},{"taxonomy":"post_tag","embeddable":true,"href":"https:\/\/plazajuarez.mx\/historico\/wp-json\/wp\/v2\/tags?post=305027"}],"curies":[{"name":"wp","href":"https:\/\/api.w.org\/{rel}","templated":true}]}}