{"id":305007,"date":"2024-04-12T00:35:54","date_gmt":"2024-04-12T06:35:54","guid":{"rendered":"https:\/\/plazajuarez.mx\/?p=305007"},"modified":"2024-04-12T00:35:57","modified_gmt":"2024-04-12T06:35:57","slug":"se-abriran-tres-casas-de-gestion-para-atencion-ciudadana","status":"publish","type":"post","link":"https:\/\/plazajuarez.mx\/historico\/se-abriran-tres-casas-de-gestion-para-atencion-ciudadana\/","title":{"rendered":"Se abrir\u00e1n tres Casas de Gesti\u00f3n para atenci\u00f3n ciudadana"},"content":{"rendered":"\n<p>El d\u00eda de ayer, el candidato a diputaci\u00f3n federal por el distrito 06, Francisco Olvera Ruiz visit\u00f3 a las y los vecinos de Santiago Tlapacoya, mismos que le solicitaron regresara a la comunidad cuando ya sea diputado para mantener vivo el di\u00e1logo y la confianza.<\/p>\n\n\n\n<p>En respuesta el ex presidente municipal y ex gobernador del estado, asegur\u00f3, \u201ces muy bueno que los diputados regresen a sus distritos, pero es tambi\u00e9n muy importante que en el Congreso Federal suba a la tribuna a defender los derechos de los ciudadanos que representa y que proponga soluci\u00f3n a los problemas m\u00e1s urgentes desde la m\u00e1xima tribuna pol\u00edtica del pa\u00eds\u201d.&nbsp;<\/p>\n\n\n\n<p>Y agreg\u00f3 \u201ccuando vean a su diputado debatir en la C\u00e1mara, es se\u00f1al de que est\u00e1 cumpliendo con la labor para la fue electo\u201d.<\/p>\n\n\n\n<p>Para mantener la comunicaci\u00f3n con la gente, el candidato Paco Olvera anunci\u00f3 que abrir\u00e1 tres oficinas de gesti\u00f3n; dos de ellas en Pachuca y una m\u00e1s, en alg\u00fan municipio ubicado estrat\u00e9gicamente en la regi\u00f3n que conforma el distrito 06.<\/p>\n\n\n\n<p>\u201cDesde ah\u00ed mantendremos la comunicaci\u00f3n con los ciudadanos y vamos a atender a los ciudadanos, adem\u00e1s de ofrecer servicios como asesor\u00eda jur\u00eddica, orientaci\u00f3n psicol\u00f3gica y todo tipo de gesti\u00f3n\u201d, puntualiz\u00f3.<\/p>\n\n\n\n<p>En el recorrido por esta regi\u00f3n rural de Pachuca, el candidato del PRI, PAN y PRD estuvo acompa\u00f1ado por la candidata a diputada local por el distrito 12, Montce Hern\u00e1ndez quien, de igual manera, hizo compromisos con los vecinos de Santiago Tlapacoya.<\/p>\n","protected":false},"excerpt":{"rendered":"<p>El d\u00eda de ayer, el candidato a diputaci\u00f3n federal por el distrito 06, Francisco Olvera Ruiz visit\u00f3 a las y los vecinos de Santiago Tlapacoya, mismos que le solicitaron regresara a la comunidad cuando ya sea diputado para mantener vivo el di\u00e1logo y la confianza. En respuesta el ex presidente municipal y ex gobernador del [&hellip;]<\/p>\n","protected":false},"author":93,"featured_media":305008,"comment_status":"closed","ping_status":"closed","sticky":false,"template":"","format":"standard","meta":{"footnotes":""},"categories":[59],"tags":[],"class_list":["post-305007","post","type-post","status-publish","format-standard","has-post-thumbnail","hentry","category-general"],"_links":{"self":[{"href":"https:\/\/plazajuarez.mx\/historico\/wp-json\/wp\/v2\/posts\/305007","targetHints":{"allow":["GET"]}}],"collection":[{"href":"https:\/\/plazajuarez.mx\/historico\/wp-json\/wp\/v2\/posts"}],"about":[{"href":"https:\/\/plazajuarez.mx\/historico\/wp-json\/wp\/v2\/types\/post"}],"author":[{"embeddable":true,"href":"https:\/\/plazajuarez.mx\/historico\/wp-json\/wp\/v2\/users\/93"}],"replies":[{"embeddable":true,"href":"https:\/\/plazajuarez.mx\/historico\/wp-json\/wp\/v2\/comments?post=305007"}],"version-history":[{"count":1,"href":"https:\/\/plazajuarez.mx\/historico\/wp-json\/wp\/v2\/posts\/305007\/revisions"}],"predecessor-version":[{"id":305009,"href":"https:\/\/plazajuarez.mx\/historico\/wp-json\/wp\/v2\/posts\/305007\/revisions\/305009"}],"wp:featuredmedia":[{"embeddable":true,"href":"https:\/\/plazajuarez.mx\/historico\/wp-json\/wp\/v2\/media\/305008"}],"wp:attachment":[{"href":"https:\/\/plazajuarez.mx\/historico\/wp-json\/wp\/v2\/media?parent=305007"}],"wp:term":[{"taxonomy":"category","embeddable":true,"href":"https:\/\/plazajuarez.mx\/historico\/wp-json\/wp\/v2\/categories?post=305007"},{"taxonomy":"post_tag","embeddable":true,"href":"https:\/\/plazajuarez.mx\/historico\/wp-json\/wp\/v2\/tags?post=305007"}],"curies":[{"name":"wp","href":"https:\/\/api.w.org\/{rel}","templated":true}]}}