{"id":304959,"date":"2024-04-11T10:45:22","date_gmt":"2024-04-11T16:45:22","guid":{"rendered":"https:\/\/plazajuarez.mx\/?p=304959"},"modified":"2024-04-11T10:47:08","modified_gmt":"2024-04-11T16:47:08","slug":"en-marcha-la-instalacion-del-pisal-en-la-plaza-principal-de-huejutla-hay-enojo-por-los-arboles-que-quitaron","status":"publish","type":"post","link":"https:\/\/plazajuarez.mx\/historico\/en-marcha-la-instalacion-del-pisal-en-la-plaza-principal-de-huejutla-hay-enojo-por-los-arboles-que-quitaron\/","title":{"rendered":"En marcha la instalaci\u00f3n del \u201cPisal\u201d en la plaza principal de Huejutla; hay enojo por los \u00e1rboles que quitaron"},"content":{"rendered":"\n<p>Por Aurora Zamora Tovar<\/p>\n\n\n\n<p>Sobre una superficie de mil 500 metros cuadrados, se instala un \u201cpisal\u201d en la plaza principal de Huejutla, para lo cual fue necesario quitar \u00e1rboles que daban sombra a los paseantes. <\/p>\n\n\n\n<p>El \u201cpisal\u201d, obra del artista mexiquense Jorge D\u00edaz, con el colectivo \u201cDivinas Fachas\u201d, fue ordenado por el actual presidente municipal, Daniel Andrade Zurutuza, y por el momento se desconoce su costo. <\/p>\n\n\n\n<p>Las obras de acondicionamiento contemplaron el tendido de una plancha de cemento, sobre la que se colocar\u00e1n los mosaicos que dar\u00e1n forma al pisal, con motivos de la regi\u00f3n Huasteca. Se espera que se concluya antes de que termine la actual administraci\u00f3n municipal, antes del mes de septiembre.\u201d<\/p>\n","protected":false},"excerpt":{"rendered":"<p>Por Aurora Zamora Tovar Sobre una superficie de mil 500 metros cuadrados, se instala un \u201cpisal\u201d en la plaza principal de Huejutla, para lo cual fue necesario quitar \u00e1rboles que daban sombra a los paseantes. El \u201cpisal\u201d, obra del artista mexiquense Jorge D\u00edaz, con el colectivo \u201cDivinas Fachas\u201d, fue ordenado por el actual presidente municipal, [&hellip;]<\/p>\n","protected":false},"author":93,"featured_media":304960,"comment_status":"closed","ping_status":"closed","sticky":false,"template":"","format":"standard","meta":{"footnotes":""},"categories":[15,59,40],"tags":[],"class_list":["post-304959","post","type-post","status-publish","format-standard","has-post-thumbnail","hentry","category-destacadas","category-general","category-region"],"_links":{"self":[{"href":"https:\/\/plazajuarez.mx\/historico\/wp-json\/wp\/v2\/posts\/304959","targetHints":{"allow":["GET"]}}],"collection":[{"href":"https:\/\/plazajuarez.mx\/historico\/wp-json\/wp\/v2\/posts"}],"about":[{"href":"https:\/\/plazajuarez.mx\/historico\/wp-json\/wp\/v2\/types\/post"}],"author":[{"embeddable":true,"href":"https:\/\/plazajuarez.mx\/historico\/wp-json\/wp\/v2\/users\/93"}],"replies":[{"embeddable":true,"href":"https:\/\/plazajuarez.mx\/historico\/wp-json\/wp\/v2\/comments?post=304959"}],"version-history":[{"count":1,"href":"https:\/\/plazajuarez.mx\/historico\/wp-json\/wp\/v2\/posts\/304959\/revisions"}],"predecessor-version":[{"id":304961,"href":"https:\/\/plazajuarez.mx\/historico\/wp-json\/wp\/v2\/posts\/304959\/revisions\/304961"}],"wp:featuredmedia":[{"embeddable":true,"href":"https:\/\/plazajuarez.mx\/historico\/wp-json\/wp\/v2\/media\/304960"}],"wp:attachment":[{"href":"https:\/\/plazajuarez.mx\/historico\/wp-json\/wp\/v2\/media?parent=304959"}],"wp:term":[{"taxonomy":"category","embeddable":true,"href":"https:\/\/plazajuarez.mx\/historico\/wp-json\/wp\/v2\/categories?post=304959"},{"taxonomy":"post_tag","embeddable":true,"href":"https:\/\/plazajuarez.mx\/historico\/wp-json\/wp\/v2\/tags?post=304959"}],"curies":[{"name":"wp","href":"https:\/\/api.w.org\/{rel}","templated":true}]}}