{"id":304758,"date":"2024-04-10T01:38:52","date_gmt":"2024-04-10T07:38:52","guid":{"rendered":"https:\/\/plazajuarez.mx\/?p=304758"},"modified":"2024-04-10T01:38:56","modified_gmt":"2024-04-10T07:38:56","slug":"13-7-millones-de-mexicanos-vieron-el-debate-presidencial","status":"publish","type":"post","link":"https:\/\/plazajuarez.mx\/historico\/13-7-millones-de-mexicanos-vieron-el-debate-presidencial\/","title":{"rendered":"13.7 millones de mexicanos vieron el debate presidencial"},"content":{"rendered":"\n<p>Al menos 13.7 millones de personas observaron el primer debate entre los candidatos a la presidencia de M\u00e9xico realizado por el Instituto Nacional Electoral (INE), seg\u00fan revel\u00f3 este martes la medici\u00f3n realizada por el centro de investigaci\u00f3n de audiencias HR Ratings Media.<\/p>\n\n\n\n<p>El director general de HR Media, Rodrigo G\u00f3mez, detall\u00f3 en una conferencia de prensa del INE que, del total de 75 millones de votantes potenciales que pudieron ver el debate, lo observaron solo casi dos de cada 10 (un 18%).<\/p>\n\n\n\n<p>Precis\u00f3 que la mayor\u00eda opt\u00f3 por medios tradicionales, como la televisi\u00f3n, para observar el debate previo a los comicios m\u00e1s grandes de la historia en M\u00e9xico el 2 de junio, y 11.8 millones de espectadores eran mayores de edad, considerando tambi\u00e9n canales digitales.<\/p>\n\n\n\n<p>Solo por transmisiones en canales de televisi\u00f3n, HR Media registr\u00f3 11.3 millones de observadores en el territorio mexicano, con el momento m\u00e1s destacado entre las 20:55 y las 21:00 hora local.<\/p>\n\n\n\n<p>Durante todo el debate, el momento m\u00e1s \u00e1lgido fue durante el segmento del debate enfocado a temas de transparencia y combate a la corrupci\u00f3n.<\/p>\n","protected":false},"excerpt":{"rendered":"<p>Al menos 13.7 millones de personas observaron el primer debate entre los candidatos a la presidencia de M\u00e9xico realizado por el Instituto Nacional Electoral (INE), seg\u00fan revel\u00f3 este martes la medici\u00f3n realizada por el centro de investigaci\u00f3n de audiencias HR Ratings Media. El director general de HR Media, Rodrigo G\u00f3mez, detall\u00f3 en una conferencia de [&hellip;]<\/p>\n","protected":false},"author":80,"featured_media":304759,"comment_status":"closed","ping_status":"closed","sticky":false,"template":"","format":"standard","meta":{"footnotes":""},"categories":[36],"tags":[],"class_list":["post-304758","post","type-post","status-publish","format-standard","has-post-thumbnail","hentry","category-nacion"],"_links":{"self":[{"href":"https:\/\/plazajuarez.mx\/historico\/wp-json\/wp\/v2\/posts\/304758","targetHints":{"allow":["GET"]}}],"collection":[{"href":"https:\/\/plazajuarez.mx\/historico\/wp-json\/wp\/v2\/posts"}],"about":[{"href":"https:\/\/plazajuarez.mx\/historico\/wp-json\/wp\/v2\/types\/post"}],"author":[{"embeddable":true,"href":"https:\/\/plazajuarez.mx\/historico\/wp-json\/wp\/v2\/users\/80"}],"replies":[{"embeddable":true,"href":"https:\/\/plazajuarez.mx\/historico\/wp-json\/wp\/v2\/comments?post=304758"}],"version-history":[{"count":1,"href":"https:\/\/plazajuarez.mx\/historico\/wp-json\/wp\/v2\/posts\/304758\/revisions"}],"predecessor-version":[{"id":304760,"href":"https:\/\/plazajuarez.mx\/historico\/wp-json\/wp\/v2\/posts\/304758\/revisions\/304760"}],"wp:featuredmedia":[{"embeddable":true,"href":"https:\/\/plazajuarez.mx\/historico\/wp-json\/wp\/v2\/media\/304759"}],"wp:attachment":[{"href":"https:\/\/plazajuarez.mx\/historico\/wp-json\/wp\/v2\/media?parent=304758"}],"wp:term":[{"taxonomy":"category","embeddable":true,"href":"https:\/\/plazajuarez.mx\/historico\/wp-json\/wp\/v2\/categories?post=304758"},{"taxonomy":"post_tag","embeddable":true,"href":"https:\/\/plazajuarez.mx\/historico\/wp-json\/wp\/v2\/tags?post=304758"}],"curies":[{"name":"wp","href":"https:\/\/api.w.org\/{rel}","templated":true}]}}