{"id":304586,"date":"2024-04-09T04:00:00","date_gmt":"2024-04-09T10:00:00","guid":{"rendered":"https:\/\/plazajuarez.mx\/?p=304586"},"modified":"2024-04-08T23:35:15","modified_gmt":"2024-04-09T05:35:15","slug":"hay-alarma-por-el-repunte-de-secuestros-de-ninas-ninos-y-adolescentes-en-el-pais","status":"publish","type":"post","link":"https:\/\/plazajuarez.mx\/historico\/hay-alarma-por-el-repunte-de-secuestros-de-ninas-ninos-y-adolescentes-en-el-pais\/","title":{"rendered":"Hay alarma por el repunte de secuestros de ni\u00f1as, ni\u00f1os y adolescentes en el pa\u00eds"},"content":{"rendered":"\n<p><strong>Durante los meses de enero y febrero se contabilizaron ocho secuestros, tres de mujeres y cinco de hombres<\/strong><\/p>\n\n\n\n<p>En el recuento oficial sobre el secuestro de Ni\u00f1as, Ni\u00f1os y Adolescentes en M\u00e9xico, se observa un alarmante repunte, adem\u00e1s de que en muchos se deriva en una intensa sa\u00f1a de quienes operan con este delito, una prueba de ello fue el reciente caso de la ni\u00f1a Camila, que fue hallada muerta, luego de ser plagiada en el estado de Guerrero.<\/p>\n\n\n\n<p>Los estudios que se realizaron durante los dos primeros meses de este 2024, revelan que al menos se tienen debidamente documentados ocho secuestros de ni\u00f1os, ni\u00f1as y adolescentes, en el pa\u00eds, lo que denota una grave inseguridad en el pa\u00eds.<\/p>\n\n\n\n<p><strong>EL CASO DE CAMILA QUE OCURRI\u00d3 EN EL MUNICIPIO DE TAXCO, GUERRERO<\/strong><\/p>\n\n\n\n<p>De este caso se recuerda que la peque\u00f1a Camila de tan s\u00f3lo ocho a\u00f1os de edad, sali\u00f3 de su casa, en Taxco, Guerrero, para ir a jugar en una alberca inflable con la hija de su vecina, identificada como Ana Rosa, pero desafortunadamente, la infante no habr\u00eda llegado al lugar<\/p>\n\n\n\n<p>Familiares de la ni\u00f1a declararon a las autoridades que el d\u00eda de los hechos Camila dej\u00f3 su domicilio el mi\u00e9rcoles 27 de marzo, a las 13:00 horas.<\/p>\n\n\n\n<p>Posteriormente, su madre fue a recogerla a eso de las 16:00 horas de ese d\u00eda, pero en el lugar le dijeron que la menor de edad, nunca hab\u00eda llegado a la casa de su amiga Ana Rosa.<\/p>\n\n\n\n<p>Alarmada por no saber del paradero de su hija, la mujer decidi\u00f3 acudir a la agencia del Ministerio P\u00fablico, para interponer una denuncia formal, por desaparici\u00f3n de persona.<\/p>\n\n\n\n<p>La mujer relat\u00f3 en la indagatoria que estando en el lugar recibi\u00f3 tres mensajes mediante los cuales le estaban exigiendo un rescate a cambio de la liberaci\u00f3n de su hija.<\/p>\n\n\n\n<p>Desafortunadamente, la madrugada del jueves 28, el cuerpo de Camila fue localizado sin signos vitales, tirado y a la orilla de una carretera.<\/p>\n\n\n\n<p>De acuerdo a las indagatorias iniciales se sabe que los principales sospechosos del secuestro y asesinato de la ni\u00f1a fueron su vecina, Ana Rosa, as\u00ed como su pareja sentimental y el hijo de \u00e9ste, Jos\u00e9 Ricardo y Axel Alejandro, y el hijo de ella, Juan Alfredo.<\/p>\n\n\n\n<p>Fueron vecinos y familiares de la peque\u00f1a Camila, quienes descubrieron a los plagiarios, por lo que acudieron a su domicilio, para sacar a los imputados, a quienes golpearon brutalmente y trataron de linchar, sin embargo, elementos polic\u00edacos fueron alertados y lograron rescatarlos de la turba enardecida.<\/p>\n\n\n\n<p>Fue tan despiadada la golpiza que dieron a los presuntos secuestradores y homicidas, que Ana Rosa muri\u00f3 y posteriormente se alert\u00f3 de la muerte de otro de los participantes.<\/p>\n\n\n\n<p>El caso de Camila se volvi\u00f3 medi\u00e1tico, por la gravedad de los hechos. Pero hay muchos otros casos que no alcanzan el debate en la opini\u00f3n p\u00fablica.<\/p>\n\n\n\n<p>Desafortunadamente, los n\u00fameros de este delito en M\u00e9xico, que se comete en agravio de menores de edad, va a la alza, no obstante a que reflej\u00f3 una reducci\u00f3n por la pandemia del Covid 19.<\/p>\n\n\n\n<p>Las estad\u00edsticas de este delito indican que tan solo en los primeros dos meses de 2024 se registraron ocho secuestros de ni\u00f1as, ni\u00f1os y adolescentes, ello de acuerdo con los datos que fueron emitidos por el Secretariado Ejecutivo del Sistema Nacional de Seguridad P\u00fablica.<\/p>\n\n\n\n<p>De acuerdo al censo realizado en este aspecto, se tiene la certeza de que no son padres peleando la custodia de sus hijos, toda vez que siete de los ocho secuestros que se registraron entre enero y febrero de este a\u00f1o fueron extorsivos; es decir, cometidos con el firme prop\u00f3sito de obtener un rescate.<\/p>\n\n\n\n<p><strong>LOS N\u00daMERO DE NI\u00d1AS, NI\u00d1OS Y ADOLESCENTES SECUESTRADOS REGISTRADOS<\/strong><\/p>\n\n\n\n<p>Por informaci\u00f3n del Secretariado Ejecutivo del Sistema Nacional de Seguridad P\u00fablica se revela que los secuestros de menores de edad en el pa\u00eds se hab\u00edan incrementado antes de la pandemia, pero en el 2015 se registraron 145, para 2019 fueron 182.&nbsp;<\/p>\n\n\n\n<p>Gracias a que lleg\u00f3 la crisis sanitaria y los ni\u00f1os, ni\u00f1as y adolescentes se quedaron en sus casas, los raptos registraron un notable descenso.<\/p>\n\n\n\n<p>As\u00ed mismo, en el a\u00f1o 2021, se contabilizaron 55, pero en el 2022 se suscitaron 52, tres menos, sin embargo, para el 2023 el n\u00famero repunt\u00f3 alarmantemente, ya que las cifras llegaron a 95 casos de secuestro.<\/p>\n\n\n\n<p>Desafortunadamente, en los primeros dos meses de este 2024, ya se contaron ocho secuestros, tres de mujeres y cinco de hombres, lo que deja el porcentaje en 37.5%.<\/p>\n","protected":false},"excerpt":{"rendered":"<p>Durante los meses de enero y febrero se contabilizaron ocho secuestros, tres de mujeres y cinco de hombres En el recuento oficial sobre el secuestro de Ni\u00f1as, Ni\u00f1os y Adolescentes en M\u00e9xico, se observa un alarmante repunte, adem\u00e1s de que en muchos se deriva en una intensa sa\u00f1a de quienes operan con este delito, una [&hellip;]<\/p>\n","protected":false},"author":93,"featured_media":304587,"comment_status":"closed","ping_status":"closed","sticky":false,"template":"","format":"standard","meta":{"footnotes":""},"categories":[37],"tags":[],"class_list":["post-304586","post","type-post","status-publish","format-standard","has-post-thumbnail","hentry","category-barandilla"],"_links":{"self":[{"href":"https:\/\/plazajuarez.mx\/historico\/wp-json\/wp\/v2\/posts\/304586","targetHints":{"allow":["GET"]}}],"collection":[{"href":"https:\/\/plazajuarez.mx\/historico\/wp-json\/wp\/v2\/posts"}],"about":[{"href":"https:\/\/plazajuarez.mx\/historico\/wp-json\/wp\/v2\/types\/post"}],"author":[{"embeddable":true,"href":"https:\/\/plazajuarez.mx\/historico\/wp-json\/wp\/v2\/users\/93"}],"replies":[{"embeddable":true,"href":"https:\/\/plazajuarez.mx\/historico\/wp-json\/wp\/v2\/comments?post=304586"}],"version-history":[{"count":1,"href":"https:\/\/plazajuarez.mx\/historico\/wp-json\/wp\/v2\/posts\/304586\/revisions"}],"predecessor-version":[{"id":304588,"href":"https:\/\/plazajuarez.mx\/historico\/wp-json\/wp\/v2\/posts\/304586\/revisions\/304588"}],"wp:featuredmedia":[{"embeddable":true,"href":"https:\/\/plazajuarez.mx\/historico\/wp-json\/wp\/v2\/media\/304587"}],"wp:attachment":[{"href":"https:\/\/plazajuarez.mx\/historico\/wp-json\/wp\/v2\/media?parent=304586"}],"wp:term":[{"taxonomy":"category","embeddable":true,"href":"https:\/\/plazajuarez.mx\/historico\/wp-json\/wp\/v2\/categories?post=304586"},{"taxonomy":"post_tag","embeddable":true,"href":"https:\/\/plazajuarez.mx\/historico\/wp-json\/wp\/v2\/tags?post=304586"}],"curies":[{"name":"wp","href":"https:\/\/api.w.org\/{rel}","templated":true}]}}