{"id":304536,"date":"2024-04-08T01:41:44","date_gmt":"2024-04-08T07:41:44","guid":{"rendered":"https:\/\/plazajuarez.mx\/?p=304536"},"modified":"2024-04-08T01:41:47","modified_gmt":"2024-04-08T07:41:47","slug":"cuando-los-fosfo-fosfo-son-corrientes","status":"publish","type":"post","link":"https:\/\/plazajuarez.mx\/historico\/cuando-los-fosfo-fosfo-son-corrientes\/","title":{"rendered":"\u00a1Cuando los Fosfo, Fosfo son corrientes!"},"content":{"rendered":"\n<h2 class=\"wp-block-heading\">\u00a0Pulso del Mezquital\u00a0<\/h2>\n\n\n\n<p>Debe ser muy inc\u00f3modo vivir en un mundo de resentidos sociales, aquellos cuyas vidas est\u00e1n tan limitadas que no desean tener lo que uno tiene o no quieren vivir nuestras experiencias, sino buscan que a uno le vaya mal como a ellos, nom\u00e1s para disfrutar de nuestra desgracia y saber de qu\u00e9 lado masca la iguana.&nbsp;<\/p>\n\n\n\n<p>Y pasa justamente cuando a uno le empieza a ir bien en la vida y en ocasiones nos vemos limitados, intimidados y entonces no pueda uno presumir nuestro \u201cestilacho\u201d, por el simple hecho del qu\u00e9 dir\u00e1n.&nbsp;<\/p>\n\n\n\n<p>Precisamente, no puede uno tener antojos caros ni querer disfrutar de las delicias del condenado poder, porque en seguida surge el sentimiento de la sospecha y del resentimiento colectivo.&nbsp;<\/p>\n\n\n\n<p>Justamente ahora que inici\u00f3 el marat\u00f3n de las campa\u00f1as electorales, son los candidatos los que est\u00e1n viviendo bajo la lupa y ya no pueden relajarse porque nunca falta que alguien los est\u00e9 espiando para darles una friega en su ruta hacia las urnas.&nbsp;<\/p>\n\n\n\n<p>Precisamente algo as\u00ed le pas\u00f3 a la candidata a diputada local por Ixmiquilpan de Movimiento Ciudadano, Alitzel Cervantes Marcos, quien promete lo nuevo de la pol\u00edtica, pero que si le rascamos no le sale el cobre, sino el peltre, demostrando que el mal gusto, no distingue edad, sexo, religi\u00f3n y clase, esto \u00faltimo por el puro nombre, porque se supone que quienes deben actuar con solvencia no lo hacen y entonces todo se convierte en un desastre, en escarnio, desilusi\u00f3n del electorado, abstencionismo y memes, que son el refugio de los pecadores o sea, los resentidazos.&nbsp;<\/p>\n\n\n\n<p>Y es que la candidata, se relajaba en este Valle de l\u00e1grimas (del Mezquital), haciendo lo que hacen los pol\u00edticos que van a perder, comer y echar despapaye, en un local de comida r\u00e1pida en Progreso de Obreg\u00f3n, donde nunca falta un chismoso, d\u00e1ndole el pitazo a la polic\u00eda, que en ese lugar hab\u00eda un grupo de personas armadas, una de esas era Alitzel, quien al ver que le cay\u00f3 la ley, activ\u00f3 sus fosfo fosfo&nbsp; y en vez de tirarse pecho tierra, lo hizo a un canal de aguas negras, que gracias a Dios no ten\u00eda agua.&nbsp;<\/p>\n\n\n\n<p>La cosa hubiera quedado en el anecdotario si no fuera porque mientras era fichada, pos\u00f3 con una sonrisa tipo, me ven y sufren, pero lo que m\u00e1s calent\u00f3, fue que horas despu\u00e9s recobr\u00f3 su libertad e hizo lo que todo pol\u00edtico hace cuando est\u00e1 metido en l\u00edos, se hizo la \u201cv\u00edstima\u201d y se present\u00f3 al debate.&nbsp;<\/p>\n\n\n\n<p>Obviamente, los resentidos sociales, salieron a decir, que mientras ella fue captada infraganti con armas o personas armadas, a un ciudadano com\u00fan le dan 10 a\u00f1os de prisi\u00f3n por robarse una gallina, digamos que es un decir pero por lo menos s\u00ed pasan sus 48 horas en la sombra, por no tener dinero o abogados.&nbsp;<\/p>\n\n\n\n<p>Por lo menos ya se hizo famosa a nivel nacional, al igual que su compa\u00f1ero de partido, Mario Fern\u00e1ndez, quien solicit\u00f3 escoltas con cargo al erario, pues en su momento m\u00e1s esquizofr\u00e9nico, crey\u00f3 que en esto de las campa\u00f1as lo iban a atosigar, cuando si de algo est\u00e1n hartos los ciudadanos, es precisamente de este tipo de pol\u00edticos inventados.&nbsp;<\/p>\n\n\n\n<p>En corto:<\/p>\n\n\n\n<ul class=\"wp-block-list\">\n<li>Ixmiquilpan, es el municipio m\u00e1s tur\u00edstico de Hidalgo y es el balneario de Maguey Blanco, el que m\u00e1s turistas lo visitaron.\u00a0<\/li>\n<\/ul>\n\n\n\n<p>S\u00edganme en Twitter y en Instagram:<\/p>\n\n\n\n<p>&nbsp;@Marko Caba\u00f1as&nbsp;<\/p>\n","protected":false},"excerpt":{"rendered":"<p>\u00a0Pulso del Mezquital\u00a0 Debe ser muy inc\u00f3modo vivir en un mundo de resentidos sociales, aquellos cuyas vidas est\u00e1n tan limitadas que no desean tener lo que uno tiene o no quieren vivir nuestras experiencias, sino buscan que a uno le vaya mal como a ellos, nom\u00e1s para disfrutar de nuestra desgracia y saber de qu\u00e9 [&hellip;]<\/p>\n","protected":false},"author":75,"featured_media":298732,"comment_status":"closed","ping_status":"closed","sticky":false,"template":"","format":"standard","meta":{"footnotes":""},"categories":[87,42],"tags":[],"class_list":["post-304536","post","type-post","status-publish","format-standard","has-post-thumbnail","hentry","category-marco-cabanas","category-nuestrapalabra"],"_links":{"self":[{"href":"https:\/\/plazajuarez.mx\/historico\/wp-json\/wp\/v2\/posts\/304536","targetHints":{"allow":["GET"]}}],"collection":[{"href":"https:\/\/plazajuarez.mx\/historico\/wp-json\/wp\/v2\/posts"}],"about":[{"href":"https:\/\/plazajuarez.mx\/historico\/wp-json\/wp\/v2\/types\/post"}],"author":[{"embeddable":true,"href":"https:\/\/plazajuarez.mx\/historico\/wp-json\/wp\/v2\/users\/75"}],"replies":[{"embeddable":true,"href":"https:\/\/plazajuarez.mx\/historico\/wp-json\/wp\/v2\/comments?post=304536"}],"version-history":[{"count":1,"href":"https:\/\/plazajuarez.mx\/historico\/wp-json\/wp\/v2\/posts\/304536\/revisions"}],"predecessor-version":[{"id":304537,"href":"https:\/\/plazajuarez.mx\/historico\/wp-json\/wp\/v2\/posts\/304536\/revisions\/304537"}],"wp:featuredmedia":[{"embeddable":true,"href":"https:\/\/plazajuarez.mx\/historico\/wp-json\/wp\/v2\/media\/298732"}],"wp:attachment":[{"href":"https:\/\/plazajuarez.mx\/historico\/wp-json\/wp\/v2\/media?parent=304536"}],"wp:term":[{"taxonomy":"category","embeddable":true,"href":"https:\/\/plazajuarez.mx\/historico\/wp-json\/wp\/v2\/categories?post=304536"},{"taxonomy":"post_tag","embeddable":true,"href":"https:\/\/plazajuarez.mx\/historico\/wp-json\/wp\/v2\/tags?post=304536"}],"curies":[{"name":"wp","href":"https:\/\/api.w.org\/{rel}","templated":true}]}}