{"id":304362,"date":"2024-04-06T08:45:13","date_gmt":"2024-04-06T14:45:13","guid":{"rendered":"https:\/\/plazajuarez.mx\/?p=304362"},"modified":"2024-04-06T08:45:17","modified_gmt":"2024-04-06T14:45:17","slug":"ieeh-realiza-debate-de-diputaciones-locales-del-distrito-11-de-tulancingo-de-bravo","status":"publish","type":"post","link":"https:\/\/plazajuarez.mx\/historico\/ieeh-realiza-debate-de-diputaciones-locales-del-distrito-11-de-tulancingo-de-bravo\/","title":{"rendered":"IEEH realiza Debate de Diputaciones Locales del Distrito 11 de Tulancingo de Bravo"},"content":{"rendered":"\n<p>El Instituto Estatal Electoral de Hidalgo (IEEH) realiz\u00f3 el segundo de los 18 Debates de Diputaciones Locales que se llevan a cabo entre las candidaturas registradas para contender en las Elecciones Hidalgo 2024. Este segundo Debate se llev\u00f3 a cabo entre quienes contienden por el Distrito 11 Tulancingo de Bravo.<\/p>\n\n\n\n<p>El debate fue transmitido en tiempo real a trav\u00e9s de las diferentes cuentas de redes sociales de esta Autoridad Electoral y diversos medios de comunicaci\u00f3n que se sumaron a la difusi\u00f3n de este ejercicio de intercambio de idea entre las candidaturas que aspiran al Congreso Local por el Distrito 11.<\/p>\n\n\n\n<p>Conforme a lo establecido en los Lineamientos para la organizaci\u00f3n de estos encuentros democr\u00e1ticos, fue tomada en cuenta la opini\u00f3n de la ciudadan\u00eda en la selecci\u00f3n de los temas a debatir por medio de preguntas detonadoras, derivado de esto, fueron seleccionados los siguientes temas: <strong>Educaci\u00f3n, Salud y Anticorrupci\u00f3n. <\/strong>El Debate const\u00f3 de 4 bloques, cada uno con una bolsa de 2 minutos para cada candidatura, por lo que cada una de \u00e9stas administr\u00f3 su propio tiempo con el fin de garantizar un escenario adecuado para realizar r\u00e9plicas.<\/p>\n\n\n\n<p>Durante esta emisi\u00f3n, participaron las Candidaturas de los Partidos Pol\u00edticos Verde Ecologista de M\u00e9xico; del Trabajo; Movimiento Ciudadano y de las Candidaturas Comunes \u201cFuerza y Coraz\u00f3n por Hidalgo\u201d y \u201cSigamos Haciendo Historia en Hidalgo\u201d.<\/p>\n\n\n\n<p>La moderaci\u00f3n del Debate estuvo a cargo de Alan Daniel Hern\u00e1ndez Jim\u00e9nez y Nadia Adriana Mej\u00eda Mej\u00eda, quienes explicaron la din\u00e1mica y las reglas a seguir por las candidaturas participantes, recordando que cada opini\u00f3n emitida ser\u00eda responsabilidad de quien la expresara.<\/p>\n\n\n\n<p>Durante el primero de los tres bloques el tema a debatir fue Educaci\u00f3n. La pregunta determinada por la ciudadan\u00eda fue: \u00bfCu\u00e1l ser\u00eda su propuesta y acciones para garantizar la educaci\u00f3n de ni\u00f1as y ni\u00f1os de la primera infancia?<\/p>\n\n\n\n<p>Seg\u00fan el orden de participaci\u00f3n previamente establecido, la primera participante fue Erika del Carmen Tello Arenas, Candidata del Partido Movimiento Ciudadano. La segunda participaci\u00f3n fue de Ra\u00fal Renan S\u00e1nchez Parra, Candidato a la Candidatura Com\u00fan \u201cFuerza y Coraz\u00f3n por Hidalgo\u201d, seguido por Salvador Sosa Arroyo, Candidato del Partido del Trabajo; posteriormente, Arturo G\u00f3mez Canales, Candidato de la Candidatura Com\u00fan \u201cSigamos Haciendo Historia en Hidalgo\u201d, y finalmente Alejandro de la Concha Ortiz, Candidato del Partido Verde Ecologista de M\u00e9xico.<\/p>\n\n\n\n<p>A este ejercicio democr\u00e1tico acudieron Consejer\u00edas Electorales de este Instituto, asimismo, Dirigentes y Representaciones Partidistas y medios de comunicaci\u00f3n.<\/p>\n\n\n\n<p>Finalmente, se invit\u00f3 a la ciudadan\u00eda a sintonizar el Debate por el Distrito 05 Ixmiquilpan, el cual se llevar\u00e1 a cabo este 06 de abril en punto de las 18:00 horas, asimismo, se invit\u00f3 a la ciudadan\u00eda a visitar la p\u00e1gina web <a href=\"file:\/\/\/Users\/lauramunoz\/Library\/Containers\/net.whatsapp.WhatsApp\/Data\/tmp\/documents\/1E657C85-5C38-4D02-9F20-8AF2B30E593E\/conoceles-hidalgo.mx\">conoceles-hidalgo.mx<\/a>, sitio en el que podr\u00e1n explorar la trayectoria pol\u00edtica y profesional de las personas candidatas que participan en las Elecciones Hidalgo 2024.<\/p>\n","protected":false},"excerpt":{"rendered":"<p>El Instituto Estatal Electoral de Hidalgo (IEEH) realiz\u00f3 el segundo de los 18 Debates de Diputaciones Locales que se llevan a cabo entre las candidaturas registradas para contender en las Elecciones Hidalgo 2024. Este segundo Debate se llev\u00f3 a cabo entre quienes contienden por el Distrito 11 Tulancingo de Bravo. El debate fue transmitido en [&hellip;]<\/p>\n","protected":false},"author":93,"featured_media":304363,"comment_status":"closed","ping_status":"closed","sticky":false,"template":"","format":"standard","meta":{"footnotes":""},"categories":[15,59],"tags":[],"class_list":["post-304362","post","type-post","status-publish","format-standard","has-post-thumbnail","hentry","category-destacadas","category-general"],"_links":{"self":[{"href":"https:\/\/plazajuarez.mx\/historico\/wp-json\/wp\/v2\/posts\/304362","targetHints":{"allow":["GET"]}}],"collection":[{"href":"https:\/\/plazajuarez.mx\/historico\/wp-json\/wp\/v2\/posts"}],"about":[{"href":"https:\/\/plazajuarez.mx\/historico\/wp-json\/wp\/v2\/types\/post"}],"author":[{"embeddable":true,"href":"https:\/\/plazajuarez.mx\/historico\/wp-json\/wp\/v2\/users\/93"}],"replies":[{"embeddable":true,"href":"https:\/\/plazajuarez.mx\/historico\/wp-json\/wp\/v2\/comments?post=304362"}],"version-history":[{"count":1,"href":"https:\/\/plazajuarez.mx\/historico\/wp-json\/wp\/v2\/posts\/304362\/revisions"}],"predecessor-version":[{"id":304364,"href":"https:\/\/plazajuarez.mx\/historico\/wp-json\/wp\/v2\/posts\/304362\/revisions\/304364"}],"wp:featuredmedia":[{"embeddable":true,"href":"https:\/\/plazajuarez.mx\/historico\/wp-json\/wp\/v2\/media\/304363"}],"wp:attachment":[{"href":"https:\/\/plazajuarez.mx\/historico\/wp-json\/wp\/v2\/media?parent=304362"}],"wp:term":[{"taxonomy":"category","embeddable":true,"href":"https:\/\/plazajuarez.mx\/historico\/wp-json\/wp\/v2\/categories?post=304362"},{"taxonomy":"post_tag","embeddable":true,"href":"https:\/\/plazajuarez.mx\/historico\/wp-json\/wp\/v2\/tags?post=304362"}],"curies":[{"name":"wp","href":"https:\/\/api.w.org\/{rel}","templated":true}]}}