{"id":304281,"date":"2024-04-05T17:04:31","date_gmt":"2024-04-05T23:04:31","guid":{"rendered":"https:\/\/plazajuarez.mx\/?p=304281"},"modified":"2024-04-05T17:04:35","modified_gmt":"2024-04-05T23:04:35","slug":"renuncia-a-su-cargo-la-contralora-interna-del-municipio-de-tepeapulco","status":"publish","type":"post","link":"https:\/\/plazajuarez.mx\/historico\/renuncia-a-su-cargo-la-contralora-interna-del-municipio-de-tepeapulco\/","title":{"rendered":"Renuncia a su cargo la Contralora Interna del municipio de Tepeapulco"},"content":{"rendered":"\n<p>Bajo el supuesto que no le fueron cumplidos diversos acuerdos, que ten\u00eda con la ex presidenta municipal, la Contralora Interna del Municipio, Karen Monserrat Beltr\u00e1n Garc\u00eda, renunci\u00f3 al cargo, quedando \u00e9ste ac\u00e9falo.<\/p>\n\n\n\n<p>A dos a\u00f1os de haber estado en el cargo como Contralor Interno del municipio, decidi\u00f3 hacer efectiva su renuncia con car\u00e1cter de irrevocable, a partir del 3 de marzo del a\u00f1o en curso.<\/p>\n\n\n\n<p>En una misiva dirigida a la alcaldesa de Tepeapulco, Karen Monserrat Beltr\u00e1n Garc\u00eda, hizo ver que, por los motivos antes expuestos, y con fundamento en el art\u00edculo 8 fracci\u00f3n II de la Ley de Entrega Recepci\u00f3n de los Recursos P\u00fablicos del Estado de Hidalgo, solicit\u00f3 ya dicho proceso de Entrega-Recepci\u00f3n.<\/p>\n\n\n\n<p>La ahora ex funcionaria municipal, durante su encargo, llev\u00f3 a cabo diversas sanciones contra la S\u00edndico Jur\u00eddico Martina Elvia Garc\u00eda Arreaga, en dos ocasiones, a la cual la inhabilit\u00f3 del cargo, el primero de ellos por tres meses, y el segundo por seis meses, y todo estos sin la debida personalidad jur\u00eddica, por lo que fue cuestionada en su momento por la Asamblea Municipal.<\/p>\n\n\n\n<p>Cabe destacar que con su renuncia, deja un \u00e1rea de las m\u00e1s importantes en la administraci\u00f3n municipal, ya que, a casi cinco meses de terminar la administraci\u00f3n municipal, dej\u00f3 muchos pendientes para quien quede en su cargo.<\/p>\n\n\n\n<p>Por lo anterior, la presidenta municipal Mar\u00eda Angelica Barranco P\u00e9rez, deber\u00e1 nombrar a quien cubra el cargo que se encuentra ac\u00e9falo, hasta que termine esta administraci\u00f3n que es en el mes de septiembre.<\/p>\n","protected":false},"excerpt":{"rendered":"<p>Bajo el supuesto que no le fueron cumplidos diversos acuerdos, que ten\u00eda con la ex presidenta municipal, la Contralora Interna del Municipio, Karen Monserrat Beltr\u00e1n Garc\u00eda, renunci\u00f3 al cargo, quedando \u00e9ste ac\u00e9falo. A dos a\u00f1os de haber estado en el cargo como Contralor Interno del municipio, decidi\u00f3 hacer efectiva su renuncia con car\u00e1cter de irrevocable, [&hellip;]<\/p>\n","protected":false},"author":69,"featured_media":304284,"comment_status":"closed","ping_status":"closed","sticky":false,"template":"","format":"standard","meta":{"footnotes":""},"categories":[40],"tags":[],"class_list":["post-304281","post","type-post","status-publish","format-standard","has-post-thumbnail","hentry","category-region"],"_links":{"self":[{"href":"https:\/\/plazajuarez.mx\/historico\/wp-json\/wp\/v2\/posts\/304281","targetHints":{"allow":["GET"]}}],"collection":[{"href":"https:\/\/plazajuarez.mx\/historico\/wp-json\/wp\/v2\/posts"}],"about":[{"href":"https:\/\/plazajuarez.mx\/historico\/wp-json\/wp\/v2\/types\/post"}],"author":[{"embeddable":true,"href":"https:\/\/plazajuarez.mx\/historico\/wp-json\/wp\/v2\/users\/69"}],"replies":[{"embeddable":true,"href":"https:\/\/plazajuarez.mx\/historico\/wp-json\/wp\/v2\/comments?post=304281"}],"version-history":[{"count":1,"href":"https:\/\/plazajuarez.mx\/historico\/wp-json\/wp\/v2\/posts\/304281\/revisions"}],"predecessor-version":[{"id":304285,"href":"https:\/\/plazajuarez.mx\/historico\/wp-json\/wp\/v2\/posts\/304281\/revisions\/304285"}],"wp:featuredmedia":[{"embeddable":true,"href":"https:\/\/plazajuarez.mx\/historico\/wp-json\/wp\/v2\/media\/304284"}],"wp:attachment":[{"href":"https:\/\/plazajuarez.mx\/historico\/wp-json\/wp\/v2\/media?parent=304281"}],"wp:term":[{"taxonomy":"category","embeddable":true,"href":"https:\/\/plazajuarez.mx\/historico\/wp-json\/wp\/v2\/categories?post=304281"},{"taxonomy":"post_tag","embeddable":true,"href":"https:\/\/plazajuarez.mx\/historico\/wp-json\/wp\/v2\/tags?post=304281"}],"curies":[{"name":"wp","href":"https:\/\/api.w.org\/{rel}","templated":true}]}}