{"id":304231,"date":"2024-04-05T01:58:44","date_gmt":"2024-04-05T07:58:44","guid":{"rendered":"https:\/\/plazajuarez.mx\/?p=304231"},"modified":"2024-04-05T01:58:48","modified_gmt":"2024-04-05T07:58:48","slug":"asael-hernandez-invade-espacios-de-los-pueblos-indigenas","status":"publish","type":"post","link":"https:\/\/plazajuarez.mx\/historico\/asael-hernandez-invade-espacios-de-los-pueblos-indigenas\/","title":{"rendered":"Asael Hern\u00e1ndez, invade espacios de los pueblos ind\u00edgenas"},"content":{"rendered":"\n<p>NICOL\u00c1S FLORES.- Representantes ind\u00edgenas, asimismo el Consejo Nacional de Pueblos Ind\u00edgenas, se han pronunciado en contra de la candidatura plurinominal del panista, Asael Hern\u00e1ndez y su esposa, por el mecanismo de acci\u00f3n afirmativa, justificando ser parte de un pueblo originario de Nicol\u00e1s Flores.\u00a0<\/p>\n\n\n\n<p>\u201cPreocupados por la usurpaci\u00f3n identitaria que han utilizado los partidos pol\u00edticos para ocupar los espacios establecidos a favor de personas pertenecientes a nuestros pueblos y comunidades, as\u00ed como la simulaci\u00f3n en los procesos electorales pasados, les exhortamos a garantizar el pleno respeto a las acciones afirmativas ind\u00edgenas hasta ahora alcanzadas para los diferentes cargos de elecci\u00f3n popular, debiendo revisar exhaustivamente la documentaci\u00f3n con la que se pretenda acreditar la auto adscripci\u00f3n calificada\u201d, se\u00f1al\u00f3 el Consejo Nacional de Pueblos Ind\u00edgenas.<\/p>\n\n\n\n<p>Lo hecho por el panista, se\u00f1alan, es un ejemplo de violaci\u00f3n a los derechos humanos y de los pueblos ind\u00edgenas, a la usurpaci\u00f3n de la identidad por parte de los pol\u00edticos que buscan hacerse de un cargo, invadiendo espacios que han sido conquistado por los pueblos originarios.&nbsp;<\/p>\n\n\n\n<p>\u201cEs necesario decidir cero tolerancia a la usurpaci\u00f3n de identidad, de tal forma que no se debe permitir la postulaci\u00f3n de personas que se auto adscriben ind\u00edgenas sin verificar plenamente que cuenten con el respaldo de sus comunidades y pueblos\u201d.<\/p>\n\n\n\n<p>Seg\u00fan el registro de Asael Hern\u00e1ndez y su esposa, es que forman parte de la comunidad de Puerto de Piedra, donde han colaborado en actividades religiosas y deportivas del poblado.&nbsp;<\/p>\n\n\n\n<p>El acta de asamblea se firm\u00f3 con una lista de asistencia a una fiesta privada en la propiedad del candidato a alcalde del PAN, Nicol\u00e1s Gonz\u00e1lez Elizalde.&nbsp;<\/p>\n","protected":false},"excerpt":{"rendered":"<p>NICOL\u00c1S FLORES.- Representantes ind\u00edgenas, asimismo el Consejo Nacional de Pueblos Ind\u00edgenas, se han pronunciado en contra de la candidatura plurinominal del panista, Asael Hern\u00e1ndez y su esposa, por el mecanismo de acci\u00f3n afirmativa, justificando ser parte de un pueblo originario de Nicol\u00e1s Flores.\u00a0 \u201cPreocupados por la usurpaci\u00f3n identitaria que han utilizado los partidos pol\u00edticos para [&hellip;]<\/p>\n","protected":false},"author":75,"featured_media":304232,"comment_status":"closed","ping_status":"closed","sticky":false,"template":"","format":"standard","meta":{"footnotes":""},"categories":[40],"tags":[],"class_list":["post-304231","post","type-post","status-publish","format-standard","has-post-thumbnail","hentry","category-region"],"_links":{"self":[{"href":"https:\/\/plazajuarez.mx\/historico\/wp-json\/wp\/v2\/posts\/304231","targetHints":{"allow":["GET"]}}],"collection":[{"href":"https:\/\/plazajuarez.mx\/historico\/wp-json\/wp\/v2\/posts"}],"about":[{"href":"https:\/\/plazajuarez.mx\/historico\/wp-json\/wp\/v2\/types\/post"}],"author":[{"embeddable":true,"href":"https:\/\/plazajuarez.mx\/historico\/wp-json\/wp\/v2\/users\/75"}],"replies":[{"embeddable":true,"href":"https:\/\/plazajuarez.mx\/historico\/wp-json\/wp\/v2\/comments?post=304231"}],"version-history":[{"count":1,"href":"https:\/\/plazajuarez.mx\/historico\/wp-json\/wp\/v2\/posts\/304231\/revisions"}],"predecessor-version":[{"id":304233,"href":"https:\/\/plazajuarez.mx\/historico\/wp-json\/wp\/v2\/posts\/304231\/revisions\/304233"}],"wp:featuredmedia":[{"embeddable":true,"href":"https:\/\/plazajuarez.mx\/historico\/wp-json\/wp\/v2\/media\/304232"}],"wp:attachment":[{"href":"https:\/\/plazajuarez.mx\/historico\/wp-json\/wp\/v2\/media?parent=304231"}],"wp:term":[{"taxonomy":"category","embeddable":true,"href":"https:\/\/plazajuarez.mx\/historico\/wp-json\/wp\/v2\/categories?post=304231"},{"taxonomy":"post_tag","embeddable":true,"href":"https:\/\/plazajuarez.mx\/historico\/wp-json\/wp\/v2\/tags?post=304231"}],"curies":[{"name":"wp","href":"https:\/\/api.w.org\/{rel}","templated":true}]}}