{"id":304228,"date":"2024-04-05T01:39:31","date_gmt":"2024-04-05T07:39:31","guid":{"rendered":"https:\/\/plazajuarez.mx\/?p=304228"},"modified":"2024-04-05T01:39:34","modified_gmt":"2024-04-05T07:39:34","slug":"nadal-no-jugara-en-montecarlo","status":"publish","type":"post","link":"https:\/\/plazajuarez.mx\/historico\/nadal-no-jugara-en-montecarlo\/","title":{"rendered":"Nadal no jugar\u00e1 en Montecarlo"},"content":{"rendered":"\n<p>&nbsp;Rafael Nadal, fuera de la competici\u00f3n desde el torneo de Brisbane, el pasado mes de enero, ha anunciado en redes sociales que no jugar\u00e1 el Masters 1.000 de Montecarlo que se disputa sobre tierra y que comienza la pr\u00f3xima semana.<\/p>\n\n\n\n<p>&#8220;\u00a1Hola a todos! Est\u00e1n siendo tiempos dif\u00edciles para m\u00ed deportivamente hablando. Desgraciadamente os comunico que no voy a jugar en Montecarlo. Simplemente mi cuerpo no me deja&#8221;, indica Rafael Nadal, que tuvo que parar a principios de a\u00f1o a causa de una lesi\u00f3n en la cadera izquierda tras disputar el torneo de Brisbane, el \u00fanico que ha jugado en lo que va de 2024.&nbsp;<\/p>\n\n\n\n<p>El ganador de veintid\u00f3s Grand Slam, que se perdi\u00f3 casi todo 2023 por una dolencia en el psoas il\u00edaco, opt\u00f3 por no disputar la gira americana y centrarse en la temporada de tierra. Tras renunciar al torneo de Indian Wells, incluido en su hoja de ruta inicial, ha descartado tambi\u00e9n Montecarlo, el primer Masters 1.000 sobre arcilla.<\/p>\n\n\n\n<p>&#8220;Y aunque sigo trabajando y esforz\u00e1ndome al m\u00e1ximo cada d\u00eda con la ilusi\u00f3n de poder competir en torneos que han sido muy importantes para m\u00ed, la realidad es que a d\u00eda de hoy no puedo&#8221;, a\u00f1ade Rafael Nadal.<\/p>\n\n\n\n<p>&#8220;No me queda m\u00e1s que aceptar la situaci\u00f3n e intentar mirar hacia el futuro inmediato manteniendo la ilusi\u00f3n y las ganas para darme la oportunidad de que las cosas mejoren. Un abrazo fuerte a todos y \u00a1gracias por el cari\u00f1o y apoyo siempre!&#8221;, concluye.<\/p>\n\n\n\n<p>Rafael Nadal ten\u00eda previsto volver en el Masters 1.000 de Montecarlo, que se jugar\u00e1 desde el 07 al 14 de abril y que ha ganado en once ocasiones, la \u00faltima en 2018 y con el que iba a iniciar su retorno al circuito.&nbsp;<\/p>\n\n\n\n<p>El torneo de Barcelona y el Masters 1.000 de Madrid son los que figuran a continuaci\u00f3n en el calendario de la temporada y que cuentan con la presencia del espa\u00f1ol, que tiene fijados sus grandes objetivos en Roland Garros y los Juegos Ol\u00edmpicos de Par\u00eds 2024.<\/p>\n\n\n\n<p>Tras su reaparici\u00f3n en el torneo de Brisbane, a principios de a\u00f1o, donde gan\u00f3 dos partidos, al austr\u00edaco Dominic Thiem y el australiano Jason Kubler, y fue eliminado en cuartos de final por el local Jordan Thompson, el tenista de Manacor, de 37 a\u00f1os, ha renunciado paulatinamente a compromisos que ten\u00eda previstos.&nbsp;<\/p>\n","protected":false},"excerpt":{"rendered":"<p>&nbsp;Rafael Nadal, fuera de la competici\u00f3n desde el torneo de Brisbane, el pasado mes de enero, ha anunciado en redes sociales que no jugar\u00e1 el Masters 1.000 de Montecarlo que se disputa sobre tierra y que comienza la pr\u00f3xima semana. &#8220;\u00a1Hola a todos! Est\u00e1n siendo tiempos dif\u00edciles para m\u00ed deportivamente hablando. Desgraciadamente os comunico que [&hellip;]<\/p>\n","protected":false},"author":80,"featured_media":304229,"comment_status":"closed","ping_status":"closed","sticky":false,"template":"","format":"standard","meta":{"footnotes":""},"categories":[39],"tags":[],"class_list":["post-304228","post","type-post","status-publish","format-standard","has-post-thumbnail","hentry","category-deportiva"],"_links":{"self":[{"href":"https:\/\/plazajuarez.mx\/historico\/wp-json\/wp\/v2\/posts\/304228","targetHints":{"allow":["GET"]}}],"collection":[{"href":"https:\/\/plazajuarez.mx\/historico\/wp-json\/wp\/v2\/posts"}],"about":[{"href":"https:\/\/plazajuarez.mx\/historico\/wp-json\/wp\/v2\/types\/post"}],"author":[{"embeddable":true,"href":"https:\/\/plazajuarez.mx\/historico\/wp-json\/wp\/v2\/users\/80"}],"replies":[{"embeddable":true,"href":"https:\/\/plazajuarez.mx\/historico\/wp-json\/wp\/v2\/comments?post=304228"}],"version-history":[{"count":1,"href":"https:\/\/plazajuarez.mx\/historico\/wp-json\/wp\/v2\/posts\/304228\/revisions"}],"predecessor-version":[{"id":304230,"href":"https:\/\/plazajuarez.mx\/historico\/wp-json\/wp\/v2\/posts\/304228\/revisions\/304230"}],"wp:featuredmedia":[{"embeddable":true,"href":"https:\/\/plazajuarez.mx\/historico\/wp-json\/wp\/v2\/media\/304229"}],"wp:attachment":[{"href":"https:\/\/plazajuarez.mx\/historico\/wp-json\/wp\/v2\/media?parent=304228"}],"wp:term":[{"taxonomy":"category","embeddable":true,"href":"https:\/\/plazajuarez.mx\/historico\/wp-json\/wp\/v2\/categories?post=304228"},{"taxonomy":"post_tag","embeddable":true,"href":"https:\/\/plazajuarez.mx\/historico\/wp-json\/wp\/v2\/tags?post=304228"}],"curies":[{"name":"wp","href":"https:\/\/api.w.org\/{rel}","templated":true}]}}