{"id":304225,"date":"2024-04-05T01:35:07","date_gmt":"2024-04-05T07:35:07","guid":{"rendered":"https:\/\/plazajuarez.mx\/?p=304225"},"modified":"2024-04-05T01:35:12","modified_gmt":"2024-04-05T07:35:12","slug":"valverde-aguirre-dos-leyendas-con-una-amplia-experiencia-en-finales","status":"publish","type":"post","link":"https:\/\/plazajuarez.mx\/historico\/valverde-aguirre-dos-leyendas-con-una-amplia-experiencia-en-finales\/","title":{"rendered":"Valverde-Aguirre, dos leyendas con una amplia experiencia en finales"},"content":{"rendered":"\n<p>El final de la Copa del Rey entre el Athletic Club y el Real Club Deportivo Mallorca va a deparar un duelo entre dos leyendas de los banquillos como Ernesto Valverde y Javier Aguirre, ambos con un bagaje de m\u00e1s de 800 partidos en la \u00e9lite y una amplia experiencia en finales de grandes torneos.<\/p>\n\n\n\n<p>Para Valverde (Viandar de la Vera\/C\u00e1ceres, 1964) ser\u00e1 su sexta final copera, la segunda con el Athletic despu\u00e9s de la que perdi\u00f3 en 2015 frente al FC Barcelona en el Camp Nou (1-3).<\/p>\n\n\n\n<p>Adem\u00e1s, en su etapa en Grecia el &#8216;Txingurri&#8217; gan\u00f3 dos veces la Copa de Grecia con el Olympiacos (2009 y 2012) y como t\u00e9cnico del FC Barcelona alz\u00f3 el trofeo en 2018 despu\u00e9s de ganar al Sevilla (5-0) y no pudo hacerlo en la edici\u00f3n de 2019 al caer con el Valencia (2-1).<\/p>\n\n\n\n<p>En otras competiciones cortas Valverde llev\u00f3 al Espanyol a la final de la Copa de la UEFA de 2007, de la que fue subcampe\u00f3n al perder en la tanda de penaltis contra el Sevilla y con el Athletic gan\u00f3 en 2015 un Supercopa a doble partido de enorme m\u00e9rito en la que gole\u00f3 al Bar\u00e7a en San Mam\u00e9s (4-0) y empat\u00f3 en el Camp Nou (1-1) evitando el &#8216;sextete&#8217; del equipo azulgrana dirigido por Luis Enrique.<\/p>\n\n\n\n<p>Con el Barcelona, perdi\u00f3 este mismo torneo contra el Real Madrid, en la edici\u00f3n 2017-18 a ida y vuelta, y conquist\u00f3 la del curso siguiente, 2018-2019, a un partido ante el Sevilla.<\/p>\n\n\n\n<p>La gran cita de La Cartuja no ser\u00e1 tampoco una experiencia nueva para Aguirre (Ciudad de M\u00e9xico, 1958). Ni siquiera en Espa\u00f1a ya que &#8216;El Vasco&#8217; ya hizo historia en Pamplona llevando a Osasuna en 2005 a la primera final de Copa de su historia.<\/p>\n\n\n\n<p>Un partido en el que a punto estuvieron de cruzar por primera vez sus caminos estos dos estrategas ya que el Athletic dirigido tambi\u00e9n entonces por Valverde cay\u00f3 en semifinales despu\u00e9s de una ag\u00f3nica tanda de penaltis frente a Betis, verdugo de los navarros en el partido decisivo jugado en el Vicente Calder\u00f3n.<\/p>\n\n\n\n<p>Previamente, Aguirre hab\u00eda estrenado su palmar\u00e9s en M\u00e9xico al frente de Pachuca dirigiendo a los Tuzos al t\u00edtulo del Torneo Invierno 1999 al superar en la final a doble partido a Cruz Azul. Repiti\u00f3 en el cruce definitivo en el Torneo Verano 2001, pero en esta ocasi\u00f3n cedi\u00f3 ante Santos.<\/p>\n\n\n\n<p>Tambi\u00e9n en su pa\u00eds el actual t\u00e9cnico del Mallorca logr\u00f3 dos importantes trofeos internacionales.<\/p>\n\n\n\n<p>Con la selecci\u00f3n nacional gan\u00f3 la Copa de Oro de la Concacaf 2009, con hist\u00f3rica goleada del &#8216;Tri&#8217; a Estados Unidos (5-0), y en 2021, apenas unos meses antes de recalar en la isla, alz\u00f3 la Liga de Campeones Concacaf con los Rayados de Monterrey derrotando por 1-0 al Am\u00e9rica.<\/p>\n\n\n\n<p>Tambi\u00e9n dej\u00f3 huella Aguirre en su pas\u00f3 por los Emiratos \u00c1rabes Unidos. En el banquillo del Al Wahda de Abu Dhabi levant\u00f3 la Copa de la Liga 2016 y la Copa Presidente 2017.<\/p>\n\n\n\n<p>En caso de victoria del Athletic ser\u00eda el und\u00e9cimo t\u00edtulo para Valverde (5 ligas -3 con Olympiacos y 2 con el Barcelona-, 3 Copas -2 con Olympiacos y una con el Bar\u00e7a- y 2 Supercopas, una con el Athletic y una con el Barcelona).<\/p>\n\n\n\n<p>Aguirre, por su parte, inscribir\u00eda en su palmar\u00e9s su sexto trofeo despu\u00e9s del Invierno 1999 (Pachuca), la Copa de Oro 2009 (M\u00e9xico), la Concachampions 2021 (Monterrey) y las dos copas en tierras \u00e1rabes.<\/p>\n","protected":false},"excerpt":{"rendered":"<p>El final de la Copa del Rey entre el Athletic Club y el Real Club Deportivo Mallorca va a deparar un duelo entre dos leyendas de los banquillos como Ernesto Valverde y Javier Aguirre, ambos con un bagaje de m\u00e1s de 800 partidos en la \u00e9lite y una amplia experiencia en finales de grandes torneos. [&hellip;]<\/p>\n","protected":false},"author":80,"featured_media":304226,"comment_status":"closed","ping_status":"closed","sticky":false,"template":"","format":"standard","meta":{"footnotes":""},"categories":[39],"tags":[],"class_list":["post-304225","post","type-post","status-publish","format-standard","has-post-thumbnail","hentry","category-deportiva"],"_links":{"self":[{"href":"https:\/\/plazajuarez.mx\/historico\/wp-json\/wp\/v2\/posts\/304225","targetHints":{"allow":["GET"]}}],"collection":[{"href":"https:\/\/plazajuarez.mx\/historico\/wp-json\/wp\/v2\/posts"}],"about":[{"href":"https:\/\/plazajuarez.mx\/historico\/wp-json\/wp\/v2\/types\/post"}],"author":[{"embeddable":true,"href":"https:\/\/plazajuarez.mx\/historico\/wp-json\/wp\/v2\/users\/80"}],"replies":[{"embeddable":true,"href":"https:\/\/plazajuarez.mx\/historico\/wp-json\/wp\/v2\/comments?post=304225"}],"version-history":[{"count":1,"href":"https:\/\/plazajuarez.mx\/historico\/wp-json\/wp\/v2\/posts\/304225\/revisions"}],"predecessor-version":[{"id":304227,"href":"https:\/\/plazajuarez.mx\/historico\/wp-json\/wp\/v2\/posts\/304225\/revisions\/304227"}],"wp:featuredmedia":[{"embeddable":true,"href":"https:\/\/plazajuarez.mx\/historico\/wp-json\/wp\/v2\/media\/304226"}],"wp:attachment":[{"href":"https:\/\/plazajuarez.mx\/historico\/wp-json\/wp\/v2\/media?parent=304225"}],"wp:term":[{"taxonomy":"category","embeddable":true,"href":"https:\/\/plazajuarez.mx\/historico\/wp-json\/wp\/v2\/categories?post=304225"},{"taxonomy":"post_tag","embeddable":true,"href":"https:\/\/plazajuarez.mx\/historico\/wp-json\/wp\/v2\/tags?post=304225"}],"curies":[{"name":"wp","href":"https:\/\/api.w.org\/{rel}","templated":true}]}}