{"id":304084,"date":"2024-04-04T04:00:00","date_gmt":"2024-04-04T10:00:00","guid":{"rendered":"https:\/\/plazajuarez.mx\/?p=304084"},"modified":"2024-04-03T23:21:46","modified_gmt":"2024-04-04T05:21:46","slug":"denuncia-benjamin-rico-guerra-sucia-en-su-contra","status":"publish","type":"post","link":"https:\/\/plazajuarez.mx\/historico\/denuncia-benjamin-rico-guerra-sucia-en-su-contra\/","title":{"rendered":"Denuncia Benjam\u00edn Rico guerra sucia en su contra"},"content":{"rendered":"\n<p>El aspirante a la presidencia de Pachuca, Benjam\u00edn Rico Moreno, denunci\u00f3 a trav\u00e9s de su red social oficial, actos propios de guerra sucia en su contra.<\/p>\n\n\n\n<p>Mediante un video menciona: &#8220;precisamente hace unos d\u00edas, comenzaron a circular por las redes sociales notas y videos, que a todas luces buscan da\u00f1arme y enga\u00f1ar; se trata de guerra sucia en mi contra. Saben que les llevamos ventaja y eso les genera temor&#8221;.<\/p>\n\n\n\n<p>Precis\u00f3 que se trata de una anti campa\u00f1a, con la que intentan da\u00f1arlo con un asunto que ya est\u00e1 finiquitado, \u201cno tengo nada qu\u00e9 esconder y por eso decid\u00ed hoy hablar nuevamente sobre estas acusaciones para que los ciudadanos no se dejen enga\u00f1ar por quienes est\u00e1n operando esta guerra sucia\u201d.<\/p>\n\n\n\n<p>Lo anterior al explicar que la guerra sucia en su contra se basa en una situaci\u00f3n pasada, la inundaci\u00f3n de fraccionamientos del sur, entre ellos la Privada Esmeralda, detall\u00f3, \u201cla empresa que construy\u00f3 dicho fraccionamiento es propiedad de una de mis hermanas, qui\u00e9n ha sido reconocida en diversas ocasiones por su calidad en la construcci\u00f3n, incluido el actual gobierno. Es incre\u00edble que intenten demeritar el trabajo que realiza una mujer en la industria de la construcci\u00f3n, solo porque as\u00ed conviene a los fines electorales\u201d.<\/p>\n\n\n\n<p>En ese sentido sentenci\u00f3, \u201cyo invito a los de enfrente que mejor se pongan a trabajar, porque una vez m\u00e1s, demuestran su inexperiencia e improvisaci\u00f3n. Y es que ante la falta de trabajo recurren a la mentira, nueve a\u00f1os despu\u00e9s pretenden revivir este tema, porque no tienen nada m\u00e1s en mi contra. Como empresario, como servidor p\u00fablico y como pachuque\u00f1o siempre he mantenido una trayectoria transparente\u201d.&nbsp;&nbsp;&nbsp;&nbsp;<\/p>\n\n\n\n<p>Finalmente, invit\u00f3 a sus adversarios pol\u00edticos a jugar limpio y no recurrir a la mentira, pues apunt\u00f3 que Pachuca merece m\u00e1s propuestas, soluciones reales y no las t\u00edpicas campa\u00f1as negras de siempre.<\/p>\n","protected":false},"excerpt":{"rendered":"<p>El aspirante a la presidencia de Pachuca, Benjam\u00edn Rico Moreno, denunci\u00f3 a trav\u00e9s de su red social oficial, actos propios de guerra sucia en su contra. Mediante un video menciona: &#8220;precisamente hace unos d\u00edas, comenzaron a circular por las redes sociales notas y videos, que a todas luces buscan da\u00f1arme y enga\u00f1ar; se trata de [&hellip;]<\/p>\n","protected":false},"author":93,"featured_media":304085,"comment_status":"closed","ping_status":"closed","sticky":false,"template":"","format":"standard","meta":{"footnotes":""},"categories":[59],"tags":[],"class_list":["post-304084","post","type-post","status-publish","format-standard","has-post-thumbnail","hentry","category-general"],"_links":{"self":[{"href":"https:\/\/plazajuarez.mx\/historico\/wp-json\/wp\/v2\/posts\/304084","targetHints":{"allow":["GET"]}}],"collection":[{"href":"https:\/\/plazajuarez.mx\/historico\/wp-json\/wp\/v2\/posts"}],"about":[{"href":"https:\/\/plazajuarez.mx\/historico\/wp-json\/wp\/v2\/types\/post"}],"author":[{"embeddable":true,"href":"https:\/\/plazajuarez.mx\/historico\/wp-json\/wp\/v2\/users\/93"}],"replies":[{"embeddable":true,"href":"https:\/\/plazajuarez.mx\/historico\/wp-json\/wp\/v2\/comments?post=304084"}],"version-history":[{"count":1,"href":"https:\/\/plazajuarez.mx\/historico\/wp-json\/wp\/v2\/posts\/304084\/revisions"}],"predecessor-version":[{"id":304086,"href":"https:\/\/plazajuarez.mx\/historico\/wp-json\/wp\/v2\/posts\/304084\/revisions\/304086"}],"wp:featuredmedia":[{"embeddable":true,"href":"https:\/\/plazajuarez.mx\/historico\/wp-json\/wp\/v2\/media\/304085"}],"wp:attachment":[{"href":"https:\/\/plazajuarez.mx\/historico\/wp-json\/wp\/v2\/media?parent=304084"}],"wp:term":[{"taxonomy":"category","embeddable":true,"href":"https:\/\/plazajuarez.mx\/historico\/wp-json\/wp\/v2\/categories?post=304084"},{"taxonomy":"post_tag","embeddable":true,"href":"https:\/\/plazajuarez.mx\/historico\/wp-json\/wp\/v2\/tags?post=304084"}],"curies":[{"name":"wp","href":"https:\/\/api.w.org\/{rel}","templated":true}]}}