{"id":304048,"date":"2024-04-04T04:00:00","date_gmt":"2024-04-04T10:00:00","guid":{"rendered":"https:\/\/plazajuarez.mx\/?p=304048"},"modified":"2024-04-03T22:52:00","modified_gmt":"2024-04-04T04:52:00","slug":"actopan-celebrara-el-color-fest-en-el-foro-canada-aviacion","status":"publish","type":"post","link":"https:\/\/plazajuarez.mx\/historico\/actopan-celebrara-el-color-fest-en-el-foro-canada-aviacion\/","title":{"rendered":"Actopan celebrar\u00e1 el \u201cColor Fest\u201d en el Foro Ca\u00f1ada Aviaci\u00f3n"},"content":{"rendered":"\n<p>El pr\u00f3ximo s\u00e1bado, 13 de abril, a las 16:00 horas, el Foro Ca\u00f1ada Aviaci\u00f3n de Actopan ser\u00e1 sede de la primera edici\u00f3n del \u201cColor Fest\u201d, un evento dirigido a las juventudes.&nbsp;&nbsp;<\/p>\n\n\n\n<p>&#8220;Toda la comunidad se ha unido con el objetivo de promover tanto el deporte como la cultura. Se han identificado las necesidades en estas \u00e1reas para asegurar que el evento satisfaga estas demandas\u201d, declar\u00f3 Enrique Mej\u00eda Vargas, delegado del evento.&nbsp;<\/p>\n\n\n\n<p>Con un costo de 50 pesos por persona, ni\u00f1os, ni\u00f1as, adolescentes, j\u00f3venes y adultos podr\u00e1n ser parte de una experiencia llena de m\u00fasica, colores, flores y luces.&nbsp;<\/p>\n\n\n\n<p>La comunidad de Ca\u00f1ada Aviaci\u00f3n se caracteriza por su inter\u00e9s en generar un futuro mejor para sus habitantes, as\u00ed lo afirm\u00f3 Mej\u00eda Vargas, quien agreg\u00f3 que los fondos que se recauden se destinar\u00e1n al campo de f\u00fatbol, donde sus integrantes se divierten sanamente y \u201cse fomenta la buena convivencia, y el deporte\u201d.&nbsp;<\/p>\n\n\n\n<p>Habr\u00e1 diferentes actividades, como lanzamiento de polvos holi, talleres de arte y creatividad, as\u00ed como m\u00fasica electr\u00f3nica en vivo y zona de comida con delicias locales.<\/p>\n","protected":false},"excerpt":{"rendered":"<p>El pr\u00f3ximo s\u00e1bado, 13 de abril, a las 16:00 horas, el Foro Ca\u00f1ada Aviaci\u00f3n de Actopan ser\u00e1 sede de la primera edici\u00f3n del \u201cColor Fest\u201d, un evento dirigido a las juventudes.&nbsp;&nbsp; &#8220;Toda la comunidad se ha unido con el objetivo de promover tanto el deporte como la cultura. Se han identificado las necesidades en estas [&hellip;]<\/p>\n","protected":false},"author":93,"featured_media":304049,"comment_status":"closed","ping_status":"closed","sticky":false,"template":"","format":"standard","meta":{"footnotes":""},"categories":[41],"tags":[],"class_list":["post-304048","post","type-post","status-publish","format-standard","has-post-thumbnail","hentry","category-arteria-cultural"],"_links":{"self":[{"href":"https:\/\/plazajuarez.mx\/historico\/wp-json\/wp\/v2\/posts\/304048","targetHints":{"allow":["GET"]}}],"collection":[{"href":"https:\/\/plazajuarez.mx\/historico\/wp-json\/wp\/v2\/posts"}],"about":[{"href":"https:\/\/plazajuarez.mx\/historico\/wp-json\/wp\/v2\/types\/post"}],"author":[{"embeddable":true,"href":"https:\/\/plazajuarez.mx\/historico\/wp-json\/wp\/v2\/users\/93"}],"replies":[{"embeddable":true,"href":"https:\/\/plazajuarez.mx\/historico\/wp-json\/wp\/v2\/comments?post=304048"}],"version-history":[{"count":1,"href":"https:\/\/plazajuarez.mx\/historico\/wp-json\/wp\/v2\/posts\/304048\/revisions"}],"predecessor-version":[{"id":304050,"href":"https:\/\/plazajuarez.mx\/historico\/wp-json\/wp\/v2\/posts\/304048\/revisions\/304050"}],"wp:featuredmedia":[{"embeddable":true,"href":"https:\/\/plazajuarez.mx\/historico\/wp-json\/wp\/v2\/media\/304049"}],"wp:attachment":[{"href":"https:\/\/plazajuarez.mx\/historico\/wp-json\/wp\/v2\/media?parent=304048"}],"wp:term":[{"taxonomy":"category","embeddable":true,"href":"https:\/\/plazajuarez.mx\/historico\/wp-json\/wp\/v2\/categories?post=304048"},{"taxonomy":"post_tag","embeddable":true,"href":"https:\/\/plazajuarez.mx\/historico\/wp-json\/wp\/v2\/tags?post=304048"}],"curies":[{"name":"wp","href":"https:\/\/api.w.org\/{rel}","templated":true}]}}