{"id":304002,"date":"2024-04-03T05:10:54","date_gmt":"2024-04-03T11:10:54","guid":{"rendered":"https:\/\/plazajuarez.mx\/?p=304002"},"modified":"2024-04-03T05:10:57","modified_gmt":"2024-04-03T11:10:57","slug":"ofrece-centro-de-cultura-digital-diferentes-talleres-2","status":"publish","type":"post","link":"https:\/\/plazajuarez.mx\/historico\/ofrece-centro-de-cultura-digital-diferentes-talleres-2\/","title":{"rendered":"Ofrece Centro de Cultura Digital diferentes talleres"},"content":{"rendered":"\n<p>El \u201cTaller de postproducci\u00f3n fotogr\u00e1fica: crea nuevos mundos a trav\u00e9s de la fotograf\u00eda intervenida\u201d ser\u00e1 impartido por la artista visual Flor Maldonado, los d\u00edas 15, 19, 22 y 26 de abril, de 16:00 horas a 18:30 horas. El cupo est\u00e1 limitado a 10 participantes.<\/p>\n\n\n\n<p>Tiene la finalidad de que los participantes puedan crear im\u00e1genes intervenidas con Adobe Photoshop de manera limpia y no destructiva, que a su vez les permita resaltar los detalles necesarios para una fotograf\u00eda de retrato con estilo Fine Art y que las herramientas t\u00e9cnicas que se les proporcionen sean utilizadas para generar un estilo propio e individual.<\/p>\n\n\n\n<p>El curso se llevar\u00e1 a cabo en cuatro sesiones de 2 horas y media hasta cubrir un total de 10 horas, los d\u00edas lunes y viernes de 16:00 horas a 18:30 horas.<\/p>\n\n\n\n<p>Requerimientos de los participantes: C\u00e1mara digital, Equipo de c\u00f3mputo, Adobe Photoshop, Camera Raw, Tableta gr\u00e1fica o mouse.<\/p>\n\n\n\n<p>Finalmente, se impartir\u00e1 el taller de Excel, cuyo objetivo es capacitar a aquellos usuarios que no tienen ning\u00fan conocimiento en computaci\u00f3n. Se les brindan los conocimientos b\u00e1sicos para poder operar un equipo de c\u00f3mputo, se ponen a su disposici\u00f3n las herramientas que permitan a los usuarios enfrentar retos de la vida cotidiana de su \u00e1mbito laboral.<\/p>\n\n\n\n<p>Este taller tendr\u00e1 una duraci\u00f3n de dos horas por sesi\u00f3n, los d\u00edas 11, 18 y 25 de abril, en horarios de 10:00 a 12:00 horas.&nbsp;<\/p>\n","protected":false},"excerpt":{"rendered":"<p>El \u201cTaller de postproducci\u00f3n fotogr\u00e1fica: crea nuevos mundos a trav\u00e9s de la fotograf\u00eda intervenida\u201d ser\u00e1 impartido por la artista visual Flor Maldonado, los d\u00edas 15, 19, 22 y 26 de abril, de 16:00 horas a 18:30 horas. El cupo est\u00e1 limitado a 10 participantes. Tiene la finalidad de que los participantes puedan crear im\u00e1genes intervenidas [&hellip;]<\/p>\n","protected":false},"author":93,"featured_media":304003,"comment_status":"closed","ping_status":"closed","sticky":false,"template":"","format":"standard","meta":{"footnotes":""},"categories":[41],"tags":[],"class_list":["post-304002","post","type-post","status-publish","format-standard","has-post-thumbnail","hentry","category-arteria-cultural"],"_links":{"self":[{"href":"https:\/\/plazajuarez.mx\/historico\/wp-json\/wp\/v2\/posts\/304002","targetHints":{"allow":["GET"]}}],"collection":[{"href":"https:\/\/plazajuarez.mx\/historico\/wp-json\/wp\/v2\/posts"}],"about":[{"href":"https:\/\/plazajuarez.mx\/historico\/wp-json\/wp\/v2\/types\/post"}],"author":[{"embeddable":true,"href":"https:\/\/plazajuarez.mx\/historico\/wp-json\/wp\/v2\/users\/93"}],"replies":[{"embeddable":true,"href":"https:\/\/plazajuarez.mx\/historico\/wp-json\/wp\/v2\/comments?post=304002"}],"version-history":[{"count":1,"href":"https:\/\/plazajuarez.mx\/historico\/wp-json\/wp\/v2\/posts\/304002\/revisions"}],"predecessor-version":[{"id":304004,"href":"https:\/\/plazajuarez.mx\/historico\/wp-json\/wp\/v2\/posts\/304002\/revisions\/304004"}],"wp:featuredmedia":[{"embeddable":true,"href":"https:\/\/plazajuarez.mx\/historico\/wp-json\/wp\/v2\/media\/304003"}],"wp:attachment":[{"href":"https:\/\/plazajuarez.mx\/historico\/wp-json\/wp\/v2\/media?parent=304002"}],"wp:term":[{"taxonomy":"category","embeddable":true,"href":"https:\/\/plazajuarez.mx\/historico\/wp-json\/wp\/v2\/categories?post=304002"},{"taxonomy":"post_tag","embeddable":true,"href":"https:\/\/plazajuarez.mx\/historico\/wp-json\/wp\/v2\/tags?post=304002"}],"curies":[{"name":"wp","href":"https:\/\/api.w.org\/{rel}","templated":true}]}}