{"id":303999,"date":"2024-04-03T05:07:46","date_gmt":"2024-04-03T11:07:46","guid":{"rendered":"https:\/\/plazajuarez.mx\/?p=303999"},"modified":"2024-04-03T05:07:51","modified_gmt":"2024-04-03T11:07:51","slug":"fran-drescher-llora-la-muerte-de-su-padre","status":"publish","type":"post","link":"https:\/\/plazajuarez.mx\/historico\/fran-drescher-llora-la-muerte-de-su-padre\/","title":{"rendered":"Fran Drescher llora la muerte de su padre\u00a0"},"content":{"rendered":"\n<p>La inolvidable protagonista de &#8220;La ni\u00f1era&#8221;, y actual presidenta del sindicato de actores, est\u00e1 viviendo un momento familiar triste tras la muerte de su padre Mort Drescher, quien ten\u00eda 94 a\u00f1os.<\/p>\n\n\n\n<p>Fran confes\u00f3 qu\u00e9 tuvo miedo a &#8220;no sobrevivir&#8221; a las negociaciones con los estudios de Hollywood para conciliar un convenio que pusiera fin a la huelga de los actores que paraliz\u00f3 la industria del entretenimiento y gener\u00f3 p\u00e9rdidas multimillonarias durante sus casi cuatro meses de duraci\u00f3n.<\/p>\n\n\n\n<p>Ahora, tras el foco que tuvo en la huelga de actores de Hollywood, vuelve a dar de qu\u00e9 hablar pero por un episodio triste, de p\u00e9rdida.<\/p>\n\n\n\n<p>Fran Drescher inform\u00f3 a sus seguidores que su padre Mort Drescher, quien actu\u00f3 en &#8220;La ni\u00f1era&#8221;, ocurrido el 20 de marzo, \u00e9l padec\u00eda Parkinson.<\/p>\n\n\n\n<p>Fran elogi\u00f3 la historia de amor de sus padres, la cual inici\u00f3 cuando ten\u00edan 16 a\u00f1os; ahora, tras la p\u00e9rdida, su madre enfrenta un duro momento al perder al amor de su vida.<\/p>\n\n\n\n<p>&#8220;Mi padre se ha ido. Mis l\u00e1grimas vienen a menudo. Mi mam\u00e1 est\u00e1 tan rota que es desgarrador cuando el amor era tan grande al tener que despedir a los 90 a\u00f1os del amor de su vida desde los 16 a\u00f1os&#8221;.<\/p>\n","protected":false},"excerpt":{"rendered":"<p>La inolvidable protagonista de &#8220;La ni\u00f1era&#8221;, y actual presidenta del sindicato de actores, est\u00e1 viviendo un momento familiar triste tras la muerte de su padre Mort Drescher, quien ten\u00eda 94 a\u00f1os. Fran confes\u00f3 qu\u00e9 tuvo miedo a &#8220;no sobrevivir&#8221; a las negociaciones con los estudios de Hollywood para conciliar un convenio que pusiera fin a [&hellip;]<\/p>\n","protected":false},"author":80,"featured_media":304000,"comment_status":"closed","ping_status":"closed","sticky":false,"template":"","format":"standard","meta":{"footnotes":""},"categories":[38],"tags":[],"class_list":["post-303999","post","type-post","status-publish","format-standard","has-post-thumbnail","hentry","category-show"],"_links":{"self":[{"href":"https:\/\/plazajuarez.mx\/historico\/wp-json\/wp\/v2\/posts\/303999","targetHints":{"allow":["GET"]}}],"collection":[{"href":"https:\/\/plazajuarez.mx\/historico\/wp-json\/wp\/v2\/posts"}],"about":[{"href":"https:\/\/plazajuarez.mx\/historico\/wp-json\/wp\/v2\/types\/post"}],"author":[{"embeddable":true,"href":"https:\/\/plazajuarez.mx\/historico\/wp-json\/wp\/v2\/users\/80"}],"replies":[{"embeddable":true,"href":"https:\/\/plazajuarez.mx\/historico\/wp-json\/wp\/v2\/comments?post=303999"}],"version-history":[{"count":1,"href":"https:\/\/plazajuarez.mx\/historico\/wp-json\/wp\/v2\/posts\/303999\/revisions"}],"predecessor-version":[{"id":304001,"href":"https:\/\/plazajuarez.mx\/historico\/wp-json\/wp\/v2\/posts\/303999\/revisions\/304001"}],"wp:featuredmedia":[{"embeddable":true,"href":"https:\/\/plazajuarez.mx\/historico\/wp-json\/wp\/v2\/media\/304000"}],"wp:attachment":[{"href":"https:\/\/plazajuarez.mx\/historico\/wp-json\/wp\/v2\/media?parent=303999"}],"wp:term":[{"taxonomy":"category","embeddable":true,"href":"https:\/\/plazajuarez.mx\/historico\/wp-json\/wp\/v2\/categories?post=303999"},{"taxonomy":"post_tag","embeddable":true,"href":"https:\/\/plazajuarez.mx\/historico\/wp-json\/wp\/v2\/tags?post=303999"}],"curies":[{"name":"wp","href":"https:\/\/api.w.org\/{rel}","templated":true}]}}