{"id":303638,"date":"2024-04-01T00:02:34","date_gmt":"2024-04-01T06:02:34","guid":{"rendered":"https:\/\/plazajuarez.mx\/?p=303638"},"modified":"2024-04-01T00:02:42","modified_gmt":"2024-04-01T06:02:42","slug":"que-representan-los-cuidados-para-las-personas-adultas-mayores","status":"publish","type":"post","link":"https:\/\/plazajuarez.mx\/historico\/que-representan-los-cuidados-para-las-personas-adultas-mayores\/","title":{"rendered":"\u00bfQu\u00e9 representan los cuidados para las personas adultas mayores?"},"content":{"rendered":"\n<h2 class=\"wp-block-heading\"><strong>IGUALDAD SUSTANTIVA, EMPODERAMIENTO EFECTIVO<\/strong><\/h2>\n\n\n\n<p>Ver\u00f3nica Montes de Oca Zavala, en su publicaci\u00f3n \u201cPol\u00edticas y sistemas integrales de cuidados de largo plazo para las personas mayores\u201d, establece al cuidado como un asunto de derechos y justicia social, definiendo al cuidado como una actividad caracter\u00edstica de la especie humana que incluye todo lo que hacemos con vistas a mantener, continuar o reparar nuestro \u2018mundo\u2019, de manera que podamos vivir en \u00e9l lo mejor posible.&nbsp;<\/p>\n\n\n\n<p>Este mundo incluye nuestros cuerpos, nuestras individualidades y nuestro entorno, que buscamos tejer juntas en una red compleja que sostiene la vida. Discusiones previas coinciden en considerar al cuidado como: i) una necesidad humana vinculada al bienestar, ii) un trabajo indispensable para reproducir la vida, iii) involucra el autocuidado, el cuidado de otros, los cuidados indirectos (como limpiar la casa, la ropa y la elaboraci\u00f3n de alimentos) y la gesti\u00f3n del cuidado, iv) incluye la configuraci\u00f3n de entornos o lugares de cuidado, v) un trabajo que puede ser prove\u00eddo por los hogares, el estado, el mercado o la comunidad, y vi) un derecho humano.&nbsp;<\/p>\n\n\n\n<p>Los cuidados son construcciones culturales y sociales, pues cada sociedad define cu\u00e1les son sus propias necesidades de cuidados y las normas para su provisi\u00f3n, a trav\u00e9s de distintas instituciones. A su vez, todas las formas de organizaci\u00f3n social de los cuidados \u201capuntan a concepciones diferentes acerca de lo que es y debe ser la persona humana, lo que es y debe ser una vida humana valiosa\u201d.<\/p>\n\n\n\n<p>Las estructuras a\u00fan imperantes de desigualdad social y econ\u00f3mica condicionan tanto el acceso a los cuidados como el deber de proveerlos entre las personas, de acuerdo con su identidad y su posici\u00f3n interseccional.&nbsp;<\/p>\n\n\n\n<p>La econom\u00eda feminista ha mostrado que, en sociedades capitalistas, la reproducci\u00f3n de la vida y la provisi\u00f3n de bienestar han sido relegadas al \u00e1mbito del hogar, especialmente a las mismas mujeres debido a la injusta divisi\u00f3n sexual de trabajo. La devaluaci\u00f3n econ\u00f3mica y social del trabajo de cuidados que realizan, principalmente, las mujeres sin una remuneraci\u00f3n, ha permitido la reproducci\u00f3n de la fuerza laboral y ha subsidiado la producci\u00f3n y la acumulaci\u00f3n capitalista.<\/p>\n\n\n\n<p>Esto ha tenido un alto costo para la vida de las mujeres, en t\u00e9rminos de limitar su inserci\u00f3n al mercado laboral, obstaculizar su autonom\u00eda econ\u00f3mica y personal, limitar su participaci\u00f3n pol\u00edtica y su autocuidado y abonar a la feminizaci\u00f3n de la pobreza.&nbsp;<\/p>\n\n\n\n<p>En este contexto, predomina un r\u00e9gimen dual de provisi\u00f3n de cuidados, los cuales son adquiridos en el mercado por aquellos hogares que pueden pagarlos; en tanto, los hogares de los estratos socioecon\u00f3micos m\u00e1s bajos acceden a ellos, a trav\u00e9s del trabajo no remunerado realizado por mujeres con una doble o triple jornada laboral.&nbsp;<\/p>\n\n\n\n<p>En consecuencia, las brechas de desigualdad social en el acceso y la provisi\u00f3n de los cuidados han aumentado, desde finales del siglo pasado. En Am\u00e9rica Latina y el Caribe, dicha situaci\u00f3n se ha visto agravada por el avance de la transici\u00f3n demogr\u00e1fica, proceso que impulsa la reducci\u00f3n de la fecundidad y la mortalidad, el aumento de la esperanza de vida y, por consiguiente, el envejecimiento poblacional en las sociedades.&nbsp;<\/p>\n\n\n\n<p>Se estima que, en 2030, el 17 por ciento de la poblaci\u00f3n ser\u00e1 mayor de 60 a\u00f1os; mientras que, en 2050, se espera que una cuarta parte de la poblaci\u00f3n se encuentre en esta condici\u00f3n, y casi un tercio de la poblaci\u00f3n, hacia 2100, tendr\u00e1 m\u00e1s de 65 a\u00f1os. Si se tiene en cuenta, que las personas sobre los 60 a\u00f1os poseen mayores riesgos de presentar alguna dependencia funcional, se puede afirmar que el envejecimiento poblacional conlleva un aumento importante en las necesidades de cuidados.<\/p>\n\n\n\n<p><strong>\u00bfQu\u00e9 te parece?<\/strong><\/p>\n","protected":false},"excerpt":{"rendered":"<p>IGUALDAD SUSTANTIVA, EMPODERAMIENTO EFECTIVO Ver\u00f3nica Montes de Oca Zavala, en su publicaci\u00f3n \u201cPol\u00edticas y sistemas integrales de cuidados de largo plazo para las personas mayores\u201d, establece al cuidado como un asunto de derechos y justicia social, definiendo al cuidado como una actividad caracter\u00edstica de la especie humana que incluye todo lo que hacemos con vistas [&hellip;]<\/p>\n","protected":false},"author":104,"featured_media":297911,"comment_status":"closed","ping_status":"closed","sticky":false,"template":"","format":"standard","meta":{"footnotes":""},"categories":[42],"tags":[],"class_list":["post-303638","post","type-post","status-publish","format-standard","has-post-thumbnail","hentry","category-nuestrapalabra"],"_links":{"self":[{"href":"https:\/\/plazajuarez.mx\/historico\/wp-json\/wp\/v2\/posts\/303638","targetHints":{"allow":["GET"]}}],"collection":[{"href":"https:\/\/plazajuarez.mx\/historico\/wp-json\/wp\/v2\/posts"}],"about":[{"href":"https:\/\/plazajuarez.mx\/historico\/wp-json\/wp\/v2\/types\/post"}],"author":[{"embeddable":true,"href":"https:\/\/plazajuarez.mx\/historico\/wp-json\/wp\/v2\/users\/104"}],"replies":[{"embeddable":true,"href":"https:\/\/plazajuarez.mx\/historico\/wp-json\/wp\/v2\/comments?post=303638"}],"version-history":[{"count":1,"href":"https:\/\/plazajuarez.mx\/historico\/wp-json\/wp\/v2\/posts\/303638\/revisions"}],"predecessor-version":[{"id":303639,"href":"https:\/\/plazajuarez.mx\/historico\/wp-json\/wp\/v2\/posts\/303638\/revisions\/303639"}],"wp:featuredmedia":[{"embeddable":true,"href":"https:\/\/plazajuarez.mx\/historico\/wp-json\/wp\/v2\/media\/297911"}],"wp:attachment":[{"href":"https:\/\/plazajuarez.mx\/historico\/wp-json\/wp\/v2\/media?parent=303638"}],"wp:term":[{"taxonomy":"category","embeddable":true,"href":"https:\/\/plazajuarez.mx\/historico\/wp-json\/wp\/v2\/categories?post=303638"},{"taxonomy":"post_tag","embeddable":true,"href":"https:\/\/plazajuarez.mx\/historico\/wp-json\/wp\/v2\/tags?post=303638"}],"curies":[{"name":"wp","href":"https:\/\/api.w.org\/{rel}","templated":true}]}}