{"id":3036,"date":"2015-03-30T06:00:00","date_gmt":"2015-03-30T06:00:00","guid":{"rendered":"http:\/\/plazajuarez.mx\/index\/index.php\/2015\/03\/30\/dan-de-alta-a-harrison-ford\/"},"modified":"2015-03-30T06:00:00","modified_gmt":"2015-03-30T06:00:00","slug":"dan-de-alta-a-harrison-ford","status":"publish","type":"post","link":"https:\/\/plazajuarez.mx\/historico\/dan-de-alta-a-harrison-ford\/","title":{"rendered":"Dan de alta a Harrison Ford\u00a0\u00a0\u00a0\u00a0\u00a0\u00a0\u00a0\u00a0\u00a0\u00a0"},"content":{"rendered":"<p>Casi un mes despu\u00e9s del accidente a\u00e9reo que sufri\u00f3, el actor estadounidense Harrison Ford fue dado de alta.<\/p>\n<p>  <!--more-->  <\/p>\n<p>\u00a0<\/p>\n<p>De acuerdo con informaci\u00f3n de la revista People, el actor de 72 a\u00f1os fue visto manejando en calles de Los \u00c1ngeles el s\u00e1bado.<\/p>\n<p>Ford fue internado desde el 5 de marzo, en el Centro M\u00e9dico UCLA, despu\u00e9s de que su avi\u00f3n vintage de la Segunda Guerra Mundial terminara en un campo de golf por un problema en el motor.<\/p>\n<p>El actor sufri\u00f3 de cortes en la cabeza y huesos rotos en su pelvis y tobillos.<\/p>\n<p>Poco despu\u00e9s del accidente, el hijo de Ford sali\u00f3 a informar que su padre se encontraba bien.<\/p>\n<p>Ford aparecer\u00e1 en la pr\u00f3xima entrega de la saga de Star Wars.<\/p>\n","protected":false},"excerpt":{"rendered":"<p>Casi un mes despu\u00e9s del accidente a\u00e9reo que sufri\u00f3, el actor estadounidense Harrison Ford fue dado de alta.<\/p>\n","protected":false},"author":93,"featured_media":0,"comment_status":"open","ping_status":"open","sticky":false,"template":"","format":"standard","meta":{"footnotes":""},"categories":[38],"tags":[],"class_list":["post-3036","post","type-post","status-publish","format-standard","hentry","category-show"],"_links":{"self":[{"href":"https:\/\/plazajuarez.mx\/historico\/wp-json\/wp\/v2\/posts\/3036","targetHints":{"allow":["GET"]}}],"collection":[{"href":"https:\/\/plazajuarez.mx\/historico\/wp-json\/wp\/v2\/posts"}],"about":[{"href":"https:\/\/plazajuarez.mx\/historico\/wp-json\/wp\/v2\/types\/post"}],"author":[{"embeddable":true,"href":"https:\/\/plazajuarez.mx\/historico\/wp-json\/wp\/v2\/users\/93"}],"replies":[{"embeddable":true,"href":"https:\/\/plazajuarez.mx\/historico\/wp-json\/wp\/v2\/comments?post=3036"}],"version-history":[{"count":0,"href":"https:\/\/plazajuarez.mx\/historico\/wp-json\/wp\/v2\/posts\/3036\/revisions"}],"wp:attachment":[{"href":"https:\/\/plazajuarez.mx\/historico\/wp-json\/wp\/v2\/media?parent=3036"}],"wp:term":[{"taxonomy":"category","embeddable":true,"href":"https:\/\/plazajuarez.mx\/historico\/wp-json\/wp\/v2\/categories?post=3036"},{"taxonomy":"post_tag","embeddable":true,"href":"https:\/\/plazajuarez.mx\/historico\/wp-json\/wp\/v2\/tags?post=3036"}],"curies":[{"name":"wp","href":"https:\/\/api.w.org\/{rel}","templated":true}]}}