{"id":30356,"date":"2016-10-19T18:36:05","date_gmt":"2016-10-19T18:36:05","guid":{"rendered":"http:\/\/plazajuarez.mx\/index\/index.php\/2016\/10\/19\/en-el-senado-buscan-disminuir-accidentes-carreteros\/"},"modified":"2016-10-19T18:36:05","modified_gmt":"2016-10-19T18:36:05","slug":"en-el-senado-buscan-disminuir-accidentes-carreteros","status":"publish","type":"post","link":"https:\/\/plazajuarez.mx\/historico\/en-el-senado-buscan-disminuir-accidentes-carreteros\/","title":{"rendered":"En el Senado buscan disminuir accidentes carreteros"},"content":{"rendered":"<p style=\"text-align: justify;\">La senadora hidalguense, Carmen Dorantes Mart\u00ednez, particip\u00f3 en la reuni\u00f3n de trabajo con Yuriria Mascott, subsecretaria de Transporte en la Secretar\u00eda de Comunicaciones y Transportes (SCT), donde se abordaron las condiciones actuales de los tr\u00e1ileres en M\u00e9xico.<\/p>\n<p>  <!--more-->  <\/p>\n<p style=\"text-align: justify;\">Lo anterior ante la situaci\u00f3n actual donde el 5% de todos los accidentes automovil\u00edsticos que se sufren en las carreteras de M\u00e9xico son causados por tr\u00e1ileres pesados.<\/p>\n<p style=\"text-align: justify;\">Durante esta reuni\u00f3n se dio a conocer que de 2012 a 2015 se han reducido en 28% los accidentes carreteros causados por tr\u00e1ileres; se inform\u00f3 que prevalecen las condiciones de inseguridad a causa de los tr\u00e1ileres, especialmente de los de doble remolque.<\/p>\n<p style=\"text-align: justify;\">Carmen Dorantes, que integra la Comisi\u00f3n de Comunicaciones y Transportes, expuso la situaci\u00f3n de la carretera M\u00e9xico-Quer\u00e9taro, en especial a la altura del municipio de Tepeji del R\u00edo, donde hay numerosos accidentes cotidianos.\u00a0 \u00a0 \u00a0 \u00a0\u00a0<\/p>\n<p style=\"text-align: justify;\">\u201cTodos los d\u00edas hay un accidente de alto riesgo, que adem\u00e1s de las tr\u00e1gicas consecuencias para las familias, tambi\u00e9n detiene el tr\u00e1fico; es posible tardarse hasta 10 horas esperando en la carretera, sin posibilidades de hacer nada\u201d, expuso.<\/p>\n<p style=\"text-align: justify;\">\u00c9ste es un problema que afecta a miles de hidalguenses, quienes se trasladan por esa v\u00eda, de sus lugares de origen desde los municipios del estado, hasta la capital queretana, donde muchos laboran.<\/p>\n<p style=\"text-align: justify;\">Ante esta realidad, en la reuni\u00f3n se dio a conocer el foro que se realizar\u00e1 el pr\u00f3ximo 26 de octubre, donde Senado y empresarios del sector de autotransporte se reunir\u00e1n para analizar los cambios necesarios a las legislaciones, como la Ley de Caminos y Puentes.<\/p>\n<p style=\"text-align: justify;\">Entre los temas que abordar\u00e1n est\u00e1n: la autorizaci\u00f3n expresa de doble remolque para tr\u00e1ileres; colocaci\u00f3n de gobernadores a las unidades; colocaci\u00f3n de aparatos para geolocalizaci\u00f3n, y realizar los ajustes necesarios a la legislaci\u00f3n en la materia.<\/p>\n","protected":false},"excerpt":{"rendered":"<p>La senadora hidalguense, Carmen Dorantes Mart\u00ednez, particip\u00f3 en la reuni\u00f3n de trabajo con Yuriria Mascott, subsecretaria de Transporte en la Secretar\u00eda de Comunicaciones y Transportes (SCT), donde se abordaron las condiciones actuales de los tr\u00e1ileres en M\u00e9xico.<\/p>\n","protected":false},"author":6,"featured_media":0,"comment_status":"open","ping_status":"open","sticky":false,"template":"","format":"standard","meta":{"footnotes":""},"categories":[59],"tags":[],"class_list":["post-30356","post","type-post","status-publish","format-standard","hentry","category-general"],"_links":{"self":[{"href":"https:\/\/plazajuarez.mx\/historico\/wp-json\/wp\/v2\/posts\/30356","targetHints":{"allow":["GET"]}}],"collection":[{"href":"https:\/\/plazajuarez.mx\/historico\/wp-json\/wp\/v2\/posts"}],"about":[{"href":"https:\/\/plazajuarez.mx\/historico\/wp-json\/wp\/v2\/types\/post"}],"author":[{"embeddable":true,"href":"https:\/\/plazajuarez.mx\/historico\/wp-json\/wp\/v2\/users\/6"}],"replies":[{"embeddable":true,"href":"https:\/\/plazajuarez.mx\/historico\/wp-json\/wp\/v2\/comments?post=30356"}],"version-history":[{"count":0,"href":"https:\/\/plazajuarez.mx\/historico\/wp-json\/wp\/v2\/posts\/30356\/revisions"}],"wp:attachment":[{"href":"https:\/\/plazajuarez.mx\/historico\/wp-json\/wp\/v2\/media?parent=30356"}],"wp:term":[{"taxonomy":"category","embeddable":true,"href":"https:\/\/plazajuarez.mx\/historico\/wp-json\/wp\/v2\/categories?post=30356"},{"taxonomy":"post_tag","embeddable":true,"href":"https:\/\/plazajuarez.mx\/historico\/wp-json\/wp\/v2\/tags?post=30356"}],"curies":[{"name":"wp","href":"https:\/\/api.w.org\/{rel}","templated":true}]}}