{"id":30354,"date":"2016-10-19T18:29:42","date_gmt":"2016-10-19T18:29:42","guid":{"rendered":"http:\/\/plazajuarez.mx\/index\/index.php\/2016\/10\/19\/pena-nieto-destaca-importancia-de-prevenir-el-cancer-de-mama\/"},"modified":"2016-10-19T18:29:42","modified_gmt":"2016-10-19T18:29:42","slug":"pena-nieto-destaca-importancia-de-prevenir-el-cancer-de-mama","status":"publish","type":"post","link":"https:\/\/plazajuarez.mx\/historico\/pena-nieto-destaca-importancia-de-prevenir-el-cancer-de-mama\/","title":{"rendered":"Pe\u00f1a Nieto destaca importancia de prevenir el c\u00e1ncer de mama"},"content":{"rendered":"<p class=\"MsoNormal\" style=\"text-align: justify;\">En el D\u00eda Internacional de la lucha contra el c\u00e1ncer de mama, el presidente Enrique Pe\u00f1a Nieto resalt\u00f3 la importancia de prevenir esta enfermedad.<\/p>\n<p>  <!--more-->  <\/p>\n<p class=\"MsoNormal\" style=\"text-align: justify;\">En su cuenta de Twitter, el mandatario escribi\u00f3: \u201cMe sumo al llamado a todos los mexicanos sobre la importancia de la prevenci\u00f3n del c\u00e1ncer de mama #\u00c1mateCu\u00eddateExpl\u00f3rate #MiluchaesRosa\u201d.<\/p>\n<p class=\"MsoNormal\" style=\"text-align: justify;\">Este 19 de octubre se conmemora el D\u00eda Internacional de la lucha contra el c\u00e1ncer de mama.<\/p>\n<p class=\"MsoNormal\" style=\"text-align: justify;\">En M\u00e9xico, cada a\u00f1o se diagnostican aproximadamente 23 mil nuevos casos de esta enfermedad.<\/p>\n<p style=\"text-align: justify;\">\u00a0<\/p>\n<p class=\"MsoNormal\" style=\"text-align: justify;\">Ayer martes, la Secretar\u00eda de Salud, el Instituto Mexicano del Seguro Social y el ISSSTE anunciaron que se ampliar\u00e1 la capacidad para realizar mastograf\u00edas en lo que resta de la presente administraci\u00f3n, con el fin de lograr diagn\u00f3sticos tempranos de casos de c\u00e1ncer de mama.<\/p>\n","protected":false},"excerpt":{"rendered":"<p>En el D\u00eda Internacional de la lucha contra el c\u00e1ncer de mama, el presidente Enrique Pe\u00f1a Nieto resalt\u00f3 la importancia de prevenir esta enfermedad.<\/p>\n","protected":false},"author":6,"featured_media":0,"comment_status":"open","ping_status":"open","sticky":false,"template":"","format":"standard","meta":{"footnotes":""},"categories":[36],"tags":[],"class_list":["post-30354","post","type-post","status-publish","format-standard","hentry","category-nacion"],"_links":{"self":[{"href":"https:\/\/plazajuarez.mx\/historico\/wp-json\/wp\/v2\/posts\/30354","targetHints":{"allow":["GET"]}}],"collection":[{"href":"https:\/\/plazajuarez.mx\/historico\/wp-json\/wp\/v2\/posts"}],"about":[{"href":"https:\/\/plazajuarez.mx\/historico\/wp-json\/wp\/v2\/types\/post"}],"author":[{"embeddable":true,"href":"https:\/\/plazajuarez.mx\/historico\/wp-json\/wp\/v2\/users\/6"}],"replies":[{"embeddable":true,"href":"https:\/\/plazajuarez.mx\/historico\/wp-json\/wp\/v2\/comments?post=30354"}],"version-history":[{"count":0,"href":"https:\/\/plazajuarez.mx\/historico\/wp-json\/wp\/v2\/posts\/30354\/revisions"}],"wp:attachment":[{"href":"https:\/\/plazajuarez.mx\/historico\/wp-json\/wp\/v2\/media?parent=30354"}],"wp:term":[{"taxonomy":"category","embeddable":true,"href":"https:\/\/plazajuarez.mx\/historico\/wp-json\/wp\/v2\/categories?post=30354"},{"taxonomy":"post_tag","embeddable":true,"href":"https:\/\/plazajuarez.mx\/historico\/wp-json\/wp\/v2\/tags?post=30354"}],"curies":[{"name":"wp","href":"https:\/\/api.w.org\/{rel}","templated":true}]}}