{"id":303416,"date":"2024-03-29T00:00:00","date_gmt":"2024-03-29T06:00:00","guid":{"rendered":"https:\/\/plazajuarez.mx\/?p=303416"},"modified":"2024-03-28T23:36:36","modified_gmt":"2024-03-29T05:36:36","slug":"chiquis-presenta-su-cancion-diamante","status":"publish","type":"post","link":"https:\/\/plazajuarez.mx\/historico\/chiquis-presenta-su-cancion-diamante\/","title":{"rendered":"Chiquis presenta su canci\u00f3n &#8216;Diamante&#8217;"},"content":{"rendered":"\n<p>La cantante estadounidense de origen mexicano Chiquis dice a EFE que lleva doce a\u00f1os trabajando duro para pulirse y convertirse en un &#8220;diamante&#8221; de la m\u00fasica, un proceso que ha inspirado su nuevo sencillo, que se estrena este jueves, adem\u00e1s de su pr\u00f3ximo \u00e1lbum y gira, que se lanzan en mayo.&nbsp;<\/p>\n\n\n\n<p>&#8220;Creo que desde el 2012 es cuando cambio mi vida completamente&#8221;, recuerda la cantante californiana sobre el a\u00f1o en que falleci\u00f3 su madre, la tambi\u00e9n cantante y compositora Jenni Rivera.<\/p>\n\n\n\n<p>La artista, que lanza hoy su nueva canci\u00f3n &#8216;Diamante&#8217;, reflexiona sobre los obst\u00e1culos que tuvo que pasar para convertirse en una de las voces femeninas m\u00e1s conocidas del regional mexicano.&nbsp;<\/p>\n\n\n\n<p>Recuerda que en esos a\u00f1os se sinti\u00f3 incapaz de alcanzar sus sue\u00f1os y que tampoco cre\u00eda que era una mujer bella ni completa.<\/p>\n","protected":false},"excerpt":{"rendered":"<p>La cantante estadounidense de origen mexicano Chiquis dice a EFE que lleva doce a\u00f1os trabajando duro para pulirse y convertirse en un &#8220;diamante&#8221; de la m\u00fasica, un proceso que ha inspirado su nuevo sencillo, que se estrena este jueves, adem\u00e1s de su pr\u00f3ximo \u00e1lbum y gira, que se lanzan en mayo.&nbsp; &#8220;Creo que desde el [&hellip;]<\/p>\n","protected":false},"author":80,"featured_media":303417,"comment_status":"closed","ping_status":"closed","sticky":false,"template":"","format":"standard","meta":{"footnotes":""},"categories":[38],"tags":[],"class_list":["post-303416","post","type-post","status-publish","format-standard","has-post-thumbnail","hentry","category-show"],"_links":{"self":[{"href":"https:\/\/plazajuarez.mx\/historico\/wp-json\/wp\/v2\/posts\/303416","targetHints":{"allow":["GET"]}}],"collection":[{"href":"https:\/\/plazajuarez.mx\/historico\/wp-json\/wp\/v2\/posts"}],"about":[{"href":"https:\/\/plazajuarez.mx\/historico\/wp-json\/wp\/v2\/types\/post"}],"author":[{"embeddable":true,"href":"https:\/\/plazajuarez.mx\/historico\/wp-json\/wp\/v2\/users\/80"}],"replies":[{"embeddable":true,"href":"https:\/\/plazajuarez.mx\/historico\/wp-json\/wp\/v2\/comments?post=303416"}],"version-history":[{"count":1,"href":"https:\/\/plazajuarez.mx\/historico\/wp-json\/wp\/v2\/posts\/303416\/revisions"}],"predecessor-version":[{"id":303418,"href":"https:\/\/plazajuarez.mx\/historico\/wp-json\/wp\/v2\/posts\/303416\/revisions\/303418"}],"wp:featuredmedia":[{"embeddable":true,"href":"https:\/\/plazajuarez.mx\/historico\/wp-json\/wp\/v2\/media\/303417"}],"wp:attachment":[{"href":"https:\/\/plazajuarez.mx\/historico\/wp-json\/wp\/v2\/media?parent=303416"}],"wp:term":[{"taxonomy":"category","embeddable":true,"href":"https:\/\/plazajuarez.mx\/historico\/wp-json\/wp\/v2\/categories?post=303416"},{"taxonomy":"post_tag","embeddable":true,"href":"https:\/\/plazajuarez.mx\/historico\/wp-json\/wp\/v2\/tags?post=303416"}],"curies":[{"name":"wp","href":"https:\/\/api.w.org\/{rel}","templated":true}]}}