{"id":303413,"date":"2024-03-29T00:00:00","date_gmt":"2024-03-29T06:00:00","guid":{"rendered":"https:\/\/plazajuarez.mx\/?p=303413"},"modified":"2024-03-28T23:33:28","modified_gmt":"2024-03-29T05:33:28","slug":"artista-usa-inteligencia-artificial-para-protestar-contra-la-violencia-machista-en-bolivia","status":"publish","type":"post","link":"https:\/\/plazajuarez.mx\/historico\/artista-usa-inteligencia-artificial-para-protestar-contra-la-violencia-machista-en-bolivia\/","title":{"rendered":"Artista usa inteligencia artificial para protestar contra la violencia machista en Bolivia"},"content":{"rendered":"\n<p>La artista boliviana Rilda Paco mezcla la inteligencia artificial, el collage digital y el bordado para protestar contra la violencia machista en Bolivia, a trav\u00e9s de una exposici\u00f3n en la que muestra a mujeres exigiendo justicia, migrando o madres enterrando a sus hijas v\u00edctimas de feminicidios.<\/p>\n\n\n\n<p>&#8220;M\u00e1s que una muestra en un museo, es una protesta en un museo exigiendo justicia y tambi\u00e9n para recordar a aquellas mujeres que ya no est\u00e1n&#8221;, dijo.<\/p>\n\n\n\n<p>La exposici\u00f3n &#8220;Mujer Peligro Mujer&#8221; que se exhibe en el Museo Nacional de Arte en La Paz muestra 22 obras de Paco y una instalaci\u00f3n con la que pretende reflejar los riesgos que corre una mujer en las calles, en la vida diaria y tambi\u00e9n el &#8220;peligro&#8221; que representa una chica cuando interpela, estudia, cuestiona y transgrede.<\/p>\n\n\n\n<p>Paco coment\u00f3 que las mujeres en muchas ocasiones est\u00e1n &#8220;al borde del peligro&#8221; de ser violadas, acosadas sexualmente e incluso que les quiten la vida y desde 2013, cuando entr\u00f3 en vigencia la ley para garantizar una vida libre de violencia en el pa\u00eds hasta la actualidad contabiliz\u00f3 1.106 mujeres que murieron por la violencia machista.<\/p>\n\n\n\n<p>La artista boliviana record\u00f3 que ella fue v\u00edctima de violencia medi\u00e1tica cuando expuso una pol\u00e9mica obra de la Virgen del Socav\u00f3n en 2018, la patrona del Carnaval de Oruro declarado Patrimonio de la Humanidad por la Unesco, lo cual desat\u00f3 amenazas de muerte en contra de ella y su familia, y provoc\u00f3 que fuera hostigada por varios grupos para que calle.<\/p>\n\n\n\n<p>&#8220;Me convert\u00ed en un peligro para ellos y al ser un peligro ten\u00edan que desecharme, ten\u00edan que hacer algo para callarme&#8221;, sostuvo Paco.<\/p>\n\n\n\n<p>Para la artista era &#8220;urgente&#8221; mostrar a trav\u00e9s del arte lo que est\u00e1 pasando con las mujeres y as\u00ed las personas se cuestionen sobre qu\u00e9 est\u00e1 pasando y qu\u00e9 podemos hacer para que no sucedan estas situaciones.<\/p>\n\n\n\n<p>Es as\u00ed que decidi\u00f3 explorar con la inteligencia artificial para el &#8220;rescate de historias&#8221; y crear im\u00e1genes de mujeres, la mayor\u00eda ind\u00edgenas, que se mezcla con el collage digital y el toque de color de las obras las da el bordado de palabras, flores o detalles de la vestimenta de las mujeres en cada pieza.<\/p>\n","protected":false},"excerpt":{"rendered":"<p>La artista boliviana Rilda Paco mezcla la inteligencia artificial, el collage digital y el bordado para protestar contra la violencia machista en Bolivia, a trav\u00e9s de una exposici\u00f3n en la que muestra a mujeres exigiendo justicia, migrando o madres enterrando a sus hijas v\u00edctimas de feminicidios. &#8220;M\u00e1s que una muestra en un museo, es una [&hellip;]<\/p>\n","protected":false},"author":80,"featured_media":303414,"comment_status":"closed","ping_status":"closed","sticky":false,"template":"","format":"standard","meta":{"footnotes":""},"categories":[41],"tags":[],"class_list":["post-303413","post","type-post","status-publish","format-standard","has-post-thumbnail","hentry","category-arteria-cultural"],"_links":{"self":[{"href":"https:\/\/plazajuarez.mx\/historico\/wp-json\/wp\/v2\/posts\/303413","targetHints":{"allow":["GET"]}}],"collection":[{"href":"https:\/\/plazajuarez.mx\/historico\/wp-json\/wp\/v2\/posts"}],"about":[{"href":"https:\/\/plazajuarez.mx\/historico\/wp-json\/wp\/v2\/types\/post"}],"author":[{"embeddable":true,"href":"https:\/\/plazajuarez.mx\/historico\/wp-json\/wp\/v2\/users\/80"}],"replies":[{"embeddable":true,"href":"https:\/\/plazajuarez.mx\/historico\/wp-json\/wp\/v2\/comments?post=303413"}],"version-history":[{"count":1,"href":"https:\/\/plazajuarez.mx\/historico\/wp-json\/wp\/v2\/posts\/303413\/revisions"}],"predecessor-version":[{"id":303415,"href":"https:\/\/plazajuarez.mx\/historico\/wp-json\/wp\/v2\/posts\/303413\/revisions\/303415"}],"wp:featuredmedia":[{"embeddable":true,"href":"https:\/\/plazajuarez.mx\/historico\/wp-json\/wp\/v2\/media\/303414"}],"wp:attachment":[{"href":"https:\/\/plazajuarez.mx\/historico\/wp-json\/wp\/v2\/media?parent=303413"}],"wp:term":[{"taxonomy":"category","embeddable":true,"href":"https:\/\/plazajuarez.mx\/historico\/wp-json\/wp\/v2\/categories?post=303413"},{"taxonomy":"post_tag","embeddable":true,"href":"https:\/\/plazajuarez.mx\/historico\/wp-json\/wp\/v2\/tags?post=303413"}],"curies":[{"name":"wp","href":"https:\/\/api.w.org\/{rel}","templated":true}]}}