{"id":303408,"date":"2024-03-29T00:00:00","date_gmt":"2024-03-29T06:00:00","guid":{"rendered":"https:\/\/plazajuarez.mx\/?p=303408"},"modified":"2024-03-28T23:29:13","modified_gmt":"2024-03-29T05:29:13","slug":"nino-perdido","status":"publish","type":"post","link":"https:\/\/plazajuarez.mx\/historico\/nino-perdido\/","title":{"rendered":"Ni\u00f1o perdido"},"content":{"rendered":"\n<h2 class=\"wp-block-heading\">CINE DE MA\u00d1ANA<\/h2>\n\n\n\n<p>La trama de &#8220;El castigo\u201d, doceavo filme del chileno Mat\u00edas Bize, resulta muy sencilla. El peque\u00f1o Lucas (Santiago Urbina), un ni\u00f1o de siete a\u00f1os, abandona el coche de sus padres, Ana (Antonia Zegers) y Mateo (N\u00e9stor Cantillana) y se pierde en el bosque.<\/p>\n\n\n\n<p>De acuerdo al guion de Coral Cruz, se trata de un chico problem\u00e1tico que raya los cuadernos que le regala su madre, que es la que tiene que imponerle castigos, pues Mateo es muy permisivo.<\/p>\n\n\n\n<p>Momentos antes de la desaparici\u00f3n, Lucas estuvo a punto de causar un accidente, al taparle los ojos a su madre mientras manejaba.<\/p>\n\n\n\n<p>Temeroso del castigo, ha corrido hacia el bosque.<\/p>\n\n\n\n<p>Ana se muestra reacia a contarle la verdad a la polic\u00eda que investiga la desaparici\u00f3n (Catalina Saavedra) pues podr\u00eda tacharlos de malos padres.<\/p>\n\n\n\n<p>A lo largo de 85 minutos, el realizador de &#8220;La vida de los peces\u201d hace un profundo estudio de este matrimonio al borde del colapso, apoyado en dos espl\u00e9ndidos actores.<\/p>\n\n\n\n<p>A Antonia Zegers la recordamos en otras importantes cintas chilenas como \u201cEl conde\u201d, \u201cEl club\u201d y \u201cNo\u201d, de su antiguo esposo Pablo Larra\u00edn, en tanto que Catillana tambi\u00e9n particip\u00f3 en \u201cNo\u201d y en \u201cNeruda\u201d.<\/p>\n\n\n\n<p>El castigo obtuvo el premio a la mejor fotograf\u00eda en el Festival Iberoamericano de Ceara y en el de M\u00e1laga y pese a su sencillez, mantiene el inter\u00e9s de los espectadores hasta el \u00faltimo momento.<\/p>\n","protected":false},"excerpt":{"rendered":"<p>CINE DE MA\u00d1ANA La trama de &#8220;El castigo\u201d, doceavo filme del chileno Mat\u00edas Bize, resulta muy sencilla. El peque\u00f1o Lucas (Santiago Urbina), un ni\u00f1o de siete a\u00f1os, abandona el coche de sus padres, Ana (Antonia Zegers) y Mateo (N\u00e9stor Cantillana) y se pierde en el bosque. De acuerdo al guion de Coral Cruz, se trata [&hellip;]<\/p>\n","protected":false},"author":96,"featured_media":274987,"comment_status":"closed","ping_status":"closed","sticky":false,"template":"","format":"standard","meta":{"footnotes":""},"categories":[41,42],"tags":[],"class_list":["post-303408","post","type-post","status-publish","format-standard","has-post-thumbnail","hentry","category-arteria-cultural","category-nuestrapalabra"],"_links":{"self":[{"href":"https:\/\/plazajuarez.mx\/historico\/wp-json\/wp\/v2\/posts\/303408","targetHints":{"allow":["GET"]}}],"collection":[{"href":"https:\/\/plazajuarez.mx\/historico\/wp-json\/wp\/v2\/posts"}],"about":[{"href":"https:\/\/plazajuarez.mx\/historico\/wp-json\/wp\/v2\/types\/post"}],"author":[{"embeddable":true,"href":"https:\/\/plazajuarez.mx\/historico\/wp-json\/wp\/v2\/users\/96"}],"replies":[{"embeddable":true,"href":"https:\/\/plazajuarez.mx\/historico\/wp-json\/wp\/v2\/comments?post=303408"}],"version-history":[{"count":1,"href":"https:\/\/plazajuarez.mx\/historico\/wp-json\/wp\/v2\/posts\/303408\/revisions"}],"predecessor-version":[{"id":303409,"href":"https:\/\/plazajuarez.mx\/historico\/wp-json\/wp\/v2\/posts\/303408\/revisions\/303409"}],"wp:featuredmedia":[{"embeddable":true,"href":"https:\/\/plazajuarez.mx\/historico\/wp-json\/wp\/v2\/media\/274987"}],"wp:attachment":[{"href":"https:\/\/plazajuarez.mx\/historico\/wp-json\/wp\/v2\/media?parent=303408"}],"wp:term":[{"taxonomy":"category","embeddable":true,"href":"https:\/\/plazajuarez.mx\/historico\/wp-json\/wp\/v2\/categories?post=303408"},{"taxonomy":"post_tag","embeddable":true,"href":"https:\/\/plazajuarez.mx\/historico\/wp-json\/wp\/v2\/tags?post=303408"}],"curies":[{"name":"wp","href":"https:\/\/api.w.org\/{rel}","templated":true}]}}