{"id":3033,"date":"2015-03-30T06:00:00","date_gmt":"2015-03-30T06:00:00","guid":{"rendered":"http:\/\/plazajuarez.mx\/index\/index.php\/2015\/03\/30\/thalia-luce-como-a-sus-20-en-las-redes\/"},"modified":"2015-03-30T06:00:00","modified_gmt":"2015-03-30T06:00:00","slug":"thalia-luce-como-a-sus-20-en-las-redes","status":"publish","type":"post","link":"https:\/\/plazajuarez.mx\/historico\/thalia-luce-como-a-sus-20-en-las-redes\/","title":{"rendered":"Thal\u00eda luce como a sus 20 en las redes\u00a0\u00a0\u00a0\u00a0\u00a0"},"content":{"rendered":"<p>\u00a0Thal\u00eda una vez m\u00e1s ha demostrado que el paso del tiempo no le ha sido desfavorable. La cantante y actriz de 43 a\u00f1os comparti\u00f3 una imagen en Instagram en la que se luce en bikini.<\/p>\n<p>  <!--more-->  <\/p>\n<p>\u00a0<\/p>\n<p>\u201c\u00bfQui\u00e9n viene a la playa conmigo?\u201d, escribi\u00f3 la esposa de Tommy Mottola junto a una fotograf\u00eda en la que se le puede ver luciendo un escultural cuerpo ataviado con un ba\u00f1ador multicolor. No s\u00f3lo eso. Comparti\u00f3 un video en el que ofrece un comparativo del pasar de los a\u00f1os en su cuerpo acompa\u00f1ado con un tema.<\/p>\n","protected":false},"excerpt":{"rendered":"<p>\u00a0Thal\u00eda una vez m\u00e1s ha demostrado que el paso del tiempo no le ha sido desfavorable. La cantante y actriz de 43 a\u00f1os comparti\u00f3 una imagen en Instagram en la que se luce en bikini.<\/p>\n","protected":false},"author":93,"featured_media":0,"comment_status":"open","ping_status":"open","sticky":false,"template":"","format":"standard","meta":{"footnotes":""},"categories":[38],"tags":[],"class_list":["post-3033","post","type-post","status-publish","format-standard","hentry","category-show"],"_links":{"self":[{"href":"https:\/\/plazajuarez.mx\/historico\/wp-json\/wp\/v2\/posts\/3033","targetHints":{"allow":["GET"]}}],"collection":[{"href":"https:\/\/plazajuarez.mx\/historico\/wp-json\/wp\/v2\/posts"}],"about":[{"href":"https:\/\/plazajuarez.mx\/historico\/wp-json\/wp\/v2\/types\/post"}],"author":[{"embeddable":true,"href":"https:\/\/plazajuarez.mx\/historico\/wp-json\/wp\/v2\/users\/93"}],"replies":[{"embeddable":true,"href":"https:\/\/plazajuarez.mx\/historico\/wp-json\/wp\/v2\/comments?post=3033"}],"version-history":[{"count":0,"href":"https:\/\/plazajuarez.mx\/historico\/wp-json\/wp\/v2\/posts\/3033\/revisions"}],"wp:attachment":[{"href":"https:\/\/plazajuarez.mx\/historico\/wp-json\/wp\/v2\/media?parent=3033"}],"wp:term":[{"taxonomy":"category","embeddable":true,"href":"https:\/\/plazajuarez.mx\/historico\/wp-json\/wp\/v2\/categories?post=3033"},{"taxonomy":"post_tag","embeddable":true,"href":"https:\/\/plazajuarez.mx\/historico\/wp-json\/wp\/v2\/tags?post=3033"}],"curies":[{"name":"wp","href":"https:\/\/api.w.org\/{rel}","templated":true}]}}