{"id":30324,"date":"2016-10-19T13:13:56","date_gmt":"2016-10-19T13:13:56","guid":{"rendered":"http:\/\/plazajuarez.mx\/index\/index.php\/2016\/10\/19\/margarita-zavala-al-quirofano\/"},"modified":"2016-10-19T13:13:56","modified_gmt":"2016-10-19T13:13:56","slug":"margarita-zavala-al-quirofano","status":"publish","type":"post","link":"https:\/\/plazajuarez.mx\/historico\/margarita-zavala-al-quirofano\/","title":{"rendered":"Margarita Zavala al quir\u00f3fano"},"content":{"rendered":"<p>La aspirante a la candidatura presidencial del Partido Acci\u00f3n Nacional (PAN), Margarita Zavala, ser\u00e1 sometida hoy a una intervenci\u00f3n quir\u00fargica, de acuerdo a informaci\u00f3n que ella misma proporcion\u00f3 en sus redes sociales.<\/p>\n<p>  <!--more-->  <\/p>\n<p>\u201cHoy tendr\u00e9 de emergencia una cirug\u00eda de retina. Afortunadamente a tiempo, pero el postoperatorio es de reposo. <br \/>\u00a1Lamento no estar en Puebla!\u201d, public\u00f3 Zavala en su cuenta de Twitter.<br \/>La aspirante panista tuvo que cancelar eventos que ten\u00eda programados, entre ellos uno en Puebla, lo que implica que esta operaci\u00f3n no estaba programada.<\/p>\n","protected":false},"excerpt":{"rendered":"<p>La aspirante a la candidatura presidencial del Partido Acci\u00f3n Nacional (PAN), Margarita Zavala, ser\u00e1 sometida hoy a una intervenci\u00f3n quir\u00fargica, de acuerdo a informaci\u00f3n que ella misma proporcion\u00f3 en sus redes sociales.<\/p>\n","protected":false},"author":93,"featured_media":0,"comment_status":"open","ping_status":"open","sticky":false,"template":"","format":"standard","meta":{"footnotes":""},"categories":[36],"tags":[],"class_list":["post-30324","post","type-post","status-publish","format-standard","hentry","category-nacion"],"_links":{"self":[{"href":"https:\/\/plazajuarez.mx\/historico\/wp-json\/wp\/v2\/posts\/30324","targetHints":{"allow":["GET"]}}],"collection":[{"href":"https:\/\/plazajuarez.mx\/historico\/wp-json\/wp\/v2\/posts"}],"about":[{"href":"https:\/\/plazajuarez.mx\/historico\/wp-json\/wp\/v2\/types\/post"}],"author":[{"embeddable":true,"href":"https:\/\/plazajuarez.mx\/historico\/wp-json\/wp\/v2\/users\/93"}],"replies":[{"embeddable":true,"href":"https:\/\/plazajuarez.mx\/historico\/wp-json\/wp\/v2\/comments?post=30324"}],"version-history":[{"count":0,"href":"https:\/\/plazajuarez.mx\/historico\/wp-json\/wp\/v2\/posts\/30324\/revisions"}],"wp:attachment":[{"href":"https:\/\/plazajuarez.mx\/historico\/wp-json\/wp\/v2\/media?parent=30324"}],"wp:term":[{"taxonomy":"category","embeddable":true,"href":"https:\/\/plazajuarez.mx\/historico\/wp-json\/wp\/v2\/categories?post=30324"},{"taxonomy":"post_tag","embeddable":true,"href":"https:\/\/plazajuarez.mx\/historico\/wp-json\/wp\/v2\/tags?post=30324"}],"curies":[{"name":"wp","href":"https:\/\/api.w.org\/{rel}","templated":true}]}}