{"id":30322,"date":"2016-10-19T13:13:03","date_gmt":"2016-10-19T13:13:03","guid":{"rendered":"http:\/\/plazajuarez.mx\/index\/index.php\/2016\/10\/19\/canaco-economia-se-estancara-en-2017\/"},"modified":"2016-10-19T13:13:03","modified_gmt":"2016-10-19T13:13:03","slug":"canaco-economia-se-estancara-en-2017","status":"publish","type":"post","link":"https:\/\/plazajuarez.mx\/historico\/canaco-economia-se-estancara-en-2017\/","title":{"rendered":"Canaco: econom\u00eda se estancar\u00e1 en 2017"},"content":{"rendered":"<p>Se reflejar\u00e1 en los bolsillos <\/p>\n<p>  <!--more-->  <\/p>\n<p>El sector privado estim\u00f3 un estancamiento de la econom\u00eda el pr\u00f3ximo a\u00f1o, debido a la baja de los precios del petr\u00f3leo, volatilidad del tipo de cambio, incertidumbre en los mercados y los recortes presupuestales, reflej\u00e1ndose negativamente en \u201clos bolsillos de los capitalinos\u201d.<br \/>Humberto Lozano, presidente de la C\u00e1mara de Comercio, Servicios y Turismo de la Ciudad de M\u00e9xico (Canaco), explic\u00f3 que la reducci\u00f3n en los niveles de la confianza del consumidor ha llevado a un incremento en los vol\u00famenes de ofertas en las tiendas.<br \/>Las rebajas oscilan entre 30 y 40 por ciento provocando que la gente \u201cd\u00e9 un tarjetazo, pues cuando sentimos una expectativa negativa nos da por comprar sin considerar que ese ahorro se revierte con la aplicaci\u00f3n de tasas de inter\u00e9s por mora en su pago de hasta 80 por ciento\u201d.<br \/>Las expectativas de ventas del sector, explic\u00f3, van a la baja en los primeros tres trimestres al registrarse crecimientos de 7.1, 3.6 y 3.2 por ciento, aunque de octubre a diciembre se estima sea de 2.6 puntos porcentuales.<br \/>Mencion\u00f3 que dicho crecimiento es resultado de la realizaci\u00f3n de la F\u00f3rmula 1, la celebraci\u00f3n del D\u00eda de Muertos, el Buen Fin.<\/p>\n","protected":false},"excerpt":{"rendered":"<p>Se reflejar\u00e1 en los bolsillos<\/p>\n","protected":false},"author":93,"featured_media":0,"comment_status":"open","ping_status":"open","sticky":false,"template":"","format":"standard","meta":{"footnotes":""},"categories":[36],"tags":[],"class_list":["post-30322","post","type-post","status-publish","format-standard","hentry","category-nacion"],"_links":{"self":[{"href":"https:\/\/plazajuarez.mx\/historico\/wp-json\/wp\/v2\/posts\/30322","targetHints":{"allow":["GET"]}}],"collection":[{"href":"https:\/\/plazajuarez.mx\/historico\/wp-json\/wp\/v2\/posts"}],"about":[{"href":"https:\/\/plazajuarez.mx\/historico\/wp-json\/wp\/v2\/types\/post"}],"author":[{"embeddable":true,"href":"https:\/\/plazajuarez.mx\/historico\/wp-json\/wp\/v2\/users\/93"}],"replies":[{"embeddable":true,"href":"https:\/\/plazajuarez.mx\/historico\/wp-json\/wp\/v2\/comments?post=30322"}],"version-history":[{"count":0,"href":"https:\/\/plazajuarez.mx\/historico\/wp-json\/wp\/v2\/posts\/30322\/revisions"}],"wp:attachment":[{"href":"https:\/\/plazajuarez.mx\/historico\/wp-json\/wp\/v2\/media?parent=30322"}],"wp:term":[{"taxonomy":"category","embeddable":true,"href":"https:\/\/plazajuarez.mx\/historico\/wp-json\/wp\/v2\/categories?post=30322"},{"taxonomy":"post_tag","embeddable":true,"href":"https:\/\/plazajuarez.mx\/historico\/wp-json\/wp\/v2\/tags?post=30322"}],"curies":[{"name":"wp","href":"https:\/\/api.w.org\/{rel}","templated":true}]}}