{"id":30321,"date":"2016-10-19T13:13:01","date_gmt":"2016-10-19T13:13:01","guid":{"rendered":"http:\/\/plazajuarez.mx\/index\/index.php\/2016\/10\/19\/el-hermano-de-el-chapo-lider-en-guerra-de-carteles\/"},"modified":"2016-10-19T13:13:01","modified_gmt":"2016-10-19T13:13:01","slug":"el-hermano-de-el-chapo-lider-en-guerra-de-carteles","status":"publish","type":"post","link":"https:\/\/plazajuarez.mx\/historico\/el-hermano-de-el-chapo-lider-en-guerra-de-carteles\/","title":{"rendered":"El hermano de El Chapo l\u00edder en guerra de c\u00e1rteles"},"content":{"rendered":"<p>C\u00e1rteles mexicanos en pugna <\/p>\n<p>\u25cf\u00a0\u00a0\u00a0 Aureliano Guzm\u00e1n Loera se pone al frente de los intereses familiares y se le atribuye el ataque que acab\u00f3 con cinco soldados muertos<\/p>\n<p>  <!--more-->  <\/p>\n<p>Un nuevo poder emergi\u00f3 en Sinaloa. En plena guerra de c\u00e1rteles, con el norte de M\u00e9xico en llamas, Aureliano Guzm\u00e1n Loera, hermano mayor de El Chapo, ha tomado el liderazgo. A cargo de la defensa de Badiraguato, el santuario del c\u00e1rtel de Sinaloa y la mayor zona productora de opio del Tri\u00e1ngulo de Oro, de su mano han partido los m\u00e1s terribles golpes en esta contienda. Entre ellos, seg\u00fan fuentes oficiales, el asalto a sangre y fuego contra un convoy militar blindado que acab\u00f3 con cinco soldados muertos y el orgullo del Ej\u00e9rcito mexicano por los suelos.<br \/>Joaqu\u00edn Guzm\u00e1n Loera, El Chapo, es el cuarto de 11 hermanos. Criado en el pueblo de La Tuna, pronto se hizo cargo de la familia. \u00c9l la sac\u00f3 de la penuria y \u00e9l logr\u00f3 el imperio que a\u00fan le rinde vasallaje. Aureliano, tres a\u00f1os mayor, siempre fue su sombra. <br \/>Una figura secundaria que primero se dedic\u00f3 al negocio de la marihuana y que, con el encarcelamiento del l\u00edder, fue creciendo hasta ocupar un lugar preeminente en el c\u00e1rtel de Sinaloa.<br \/>De estructura horizontal, la organizaci\u00f3n criminal est\u00e1 formada, seg\u00fan fuentes policiales, por c\u00e9lulas independientes, que se al\u00edan en funci\u00f3n de sus necesidades estrat\u00e9gicas. Poco cohesionadas, aunque muy flexibles en su respuesta, El Chapo era su principal centro de gravedad. Bajo su mando experimentaron un vertiginoso crecimiento hasta alcanzar la primac\u00eda. Pero la ca\u00edda de su l\u00edder y su casi inexorable extradici\u00f3n ha abierto una profunda brecha en este grupo. No s\u00f3lo est\u00e1n en juego las rutas hacia Estados Unidos o el dominio del Tri\u00e1ngulo de Oro. La disputa es por la misma supervivencia territorial. Y las amenazas para la familia de El Chapo son m\u00faltiples.<br \/>El m\u00edtico Rafael Caro Quintero, El Narco de Narcos, de 63 a\u00f1os, ha vuelto a la clandestinidad y, aunque \u00e9l lo niegue p\u00fablicamente, las autoridades consideran que ha reagrupado a su antiguos aliados para recuperar su territorio. El c\u00e1rtel de los Beltr\u00e1n Leyva, los m\u00e1s implacables adversarios de El Chapo, a cuyo hijo Edgar mataron en 2008 a balazos, se han lanzado en tromba contra la federaci\u00f3n sinaloense. A ellos se debe, entre otros, la incursi\u00f3n en Badiraguato, la tierra natal de los Guzm\u00e1n Loera, que acab\u00f3 en junio pasado con siete muertos y la casa de la madre de El Chapo vandalizada. <\/p>\n","protected":false},"excerpt":{"rendered":"<p>C\u00e1rteles mexicanos en pugna \u25cf\u00a0\u00a0\u00a0 Aureliano Guzm\u00e1n Loera se pone al frente de los intereses familiares y se le atribuye el ataque que acab\u00f3 con cinco soldados muertos<\/p>\n","protected":false},"author":93,"featured_media":0,"comment_status":"open","ping_status":"open","sticky":false,"template":"","format":"standard","meta":{"footnotes":""},"categories":[36],"tags":[],"class_list":["post-30321","post","type-post","status-publish","format-standard","hentry","category-nacion"],"_links":{"self":[{"href":"https:\/\/plazajuarez.mx\/historico\/wp-json\/wp\/v2\/posts\/30321","targetHints":{"allow":["GET"]}}],"collection":[{"href":"https:\/\/plazajuarez.mx\/historico\/wp-json\/wp\/v2\/posts"}],"about":[{"href":"https:\/\/plazajuarez.mx\/historico\/wp-json\/wp\/v2\/types\/post"}],"author":[{"embeddable":true,"href":"https:\/\/plazajuarez.mx\/historico\/wp-json\/wp\/v2\/users\/93"}],"replies":[{"embeddable":true,"href":"https:\/\/plazajuarez.mx\/historico\/wp-json\/wp\/v2\/comments?post=30321"}],"version-history":[{"count":0,"href":"https:\/\/plazajuarez.mx\/historico\/wp-json\/wp\/v2\/posts\/30321\/revisions"}],"wp:attachment":[{"href":"https:\/\/plazajuarez.mx\/historico\/wp-json\/wp\/v2\/media?parent=30321"}],"wp:term":[{"taxonomy":"category","embeddable":true,"href":"https:\/\/plazajuarez.mx\/historico\/wp-json\/wp\/v2\/categories?post=30321"},{"taxonomy":"post_tag","embeddable":true,"href":"https:\/\/plazajuarez.mx\/historico\/wp-json\/wp\/v2\/tags?post=30321"}],"curies":[{"name":"wp","href":"https:\/\/api.w.org\/{rel}","templated":true}]}}