{"id":30320,"date":"2016-10-19T13:11:38","date_gmt":"2016-10-19T13:11:38","guid":{"rendered":"http:\/\/plazajuarez.mx\/index\/index.php\/2016\/10\/19\/temen-que-ei-use-civiles-como-escudos-humanos\/"},"modified":"2016-10-19T13:11:38","modified_gmt":"2016-10-19T13:11:38","slug":"temen-que-ei-use-civiles-como-escudos-humanos","status":"publish","type":"post","link":"https:\/\/plazajuarez.mx\/historico\/temen-que-ei-use-civiles-como-escudos-humanos\/","title":{"rendered":"Temen que EI use civiles como escudos humanos"},"content":{"rendered":"<p>Ofensiva en Mosul <\/p>\n<p>\u25cf\u00a0\u00a0\u00a0 Cruz Roja pide se permita evacuar a heridos de la ciudad<\/p>\n<p>  <!--more-->  <\/p>\n<p>&#8220;No ser\u00e1 una blitzkrieg [guerra rel\u00e1mpago]&#8221;, dijo el ministro galo, Jean-Yves Le Drian, quien asegur\u00f3 que se trata de una batalla &#8220;crucial&#8221; por tratarse Mosul de &#8220;un baluarte&#8221; del Estado Isl\u00e1mico, y que podr\u00eda alargarse semanas o incluso meses.<br \/>Decenas de miles de civiles residentes en Mosul corren riesgo de ser usados por el Estado Isl\u00e1mico (EI) como escudos humanos ante el avance de las tropas iraqu\u00edes y milicianos kurdos iniciado el lunes, quienes se adentran a la ciudad, alertaron ayer el Comit\u00e9 Internacional de la Cruz Roja (CICR) y la Organizaci\u00f3n Mundial de las Migraciones. <br \/>El CICR teme que los milicianos yihadistas expulsen por la fuerza a parte de la poblaci\u00f3n a las afueras de la ciudad, en la que viven alrededor de 1,5 millones de personas, para que queden atrapadas en el campo de batalla y sirvan de protecci\u00f3n a los extremistas. Tambi\u00e9n reclama se permita evacuar a heridos de la ciudad para recibir tratamiento. La batalla puede desencadenar &#8220;la m\u00e1s larga y compleja situaci\u00f3n humanitaria&#8221; de 2017, seg\u00fan la ONU.<br \/>Mientras aumenta el temor a que se desate una crisis humanitaria, las fuerzas iraqu\u00edes y kurdas contin\u00faan su avance sobre Mosul. La noche del lunes, el presidente del Kurdist\u00e1n iraqu\u00ed, Masud Barzani, inform\u00f3 que los peshmerga hab\u00edan retomado 200 kil\u00f3metros cuadrados.<br \/>Las fuerzas iraqu\u00edes han tomado hasta este martes al menos 20 pueblos -algunos de ellos desiertos- en las afueras de la ciudad. Despu\u00e9s de la interrupci\u00f3n de los combates durante la noche, el Ej\u00e9rcito iraqu\u00ed y los peshmerga recuperaron otras dos localidades cercanas a Al Qayara, al sur de Mosul, en las primeras horas del martes. El asalto termin\u00f3 con 18 yihadistas muertos, despu\u00e9s de que los habitantes de estos pueblos, Al Lazaka y Al Hud, se levantar\u00e1n contra ellos, inform\u00f3 la Jefatura de las Operaciones para la Liberaci\u00f3n de la Provincia de N\u00ednive. El EI perpetr\u00f3 12 ataques suicidas contra las fuerzas que avanzaban sobre Mosul durante la primera jornada de ofensiva. <br \/>&#8220;El Ej\u00e9rcito Isl\u00e1mico est\u00e1 desorientado, no saben si deben esperar ataques del este, el oeste o el norte&#8221;, asegura Hoshiyar Zebari, un oficial kurdo que asegur\u00f3 que no habr\u00e1 un &#8220;ataque espectacular&#8221; sobre Mosul, sino un avance muy cauto por tratarse de una operaci\u00f3n de alto riesgo. <\/p>\n","protected":false},"excerpt":{"rendered":"<p>Ofensiva en Mosul \u25cf\u00a0\u00a0\u00a0 Cruz Roja pide se permita evacuar a heridos de la ciudad<\/p>\n","protected":false},"author":93,"featured_media":0,"comment_status":"open","ping_status":"open","sticky":false,"template":"","format":"standard","meta":{"footnotes":""},"categories":[31],"tags":[],"class_list":["post-30320","post","type-post","status-publish","format-standard","hentry","category-orbe"],"_links":{"self":[{"href":"https:\/\/plazajuarez.mx\/historico\/wp-json\/wp\/v2\/posts\/30320","targetHints":{"allow":["GET"]}}],"collection":[{"href":"https:\/\/plazajuarez.mx\/historico\/wp-json\/wp\/v2\/posts"}],"about":[{"href":"https:\/\/plazajuarez.mx\/historico\/wp-json\/wp\/v2\/types\/post"}],"author":[{"embeddable":true,"href":"https:\/\/plazajuarez.mx\/historico\/wp-json\/wp\/v2\/users\/93"}],"replies":[{"embeddable":true,"href":"https:\/\/plazajuarez.mx\/historico\/wp-json\/wp\/v2\/comments?post=30320"}],"version-history":[{"count":0,"href":"https:\/\/plazajuarez.mx\/historico\/wp-json\/wp\/v2\/posts\/30320\/revisions"}],"wp:attachment":[{"href":"https:\/\/plazajuarez.mx\/historico\/wp-json\/wp\/v2\/media?parent=30320"}],"wp:term":[{"taxonomy":"category","embeddable":true,"href":"https:\/\/plazajuarez.mx\/historico\/wp-json\/wp\/v2\/categories?post=30320"},{"taxonomy":"post_tag","embeddable":true,"href":"https:\/\/plazajuarez.mx\/historico\/wp-json\/wp\/v2\/tags?post=30320"}],"curies":[{"name":"wp","href":"https:\/\/api.w.org\/{rel}","templated":true}]}}