{"id":30318,"date":"2016-10-19T13:11:01","date_gmt":"2016-10-19T13:11:01","guid":{"rendered":"http:\/\/plazajuarez.mx\/index\/index.php\/2016\/10\/19\/rusia-y-assad-suspenden-bombardeos-sobre-alepo\/"},"modified":"2016-10-19T13:11:01","modified_gmt":"2016-10-19T13:11:01","slug":"rusia-y-assad-suspenden-bombardeos-sobre-alepo","status":"publish","type":"post","link":"https:\/\/plazajuarez.mx\/historico\/rusia-y-assad-suspenden-bombardeos-sobre-alepo\/","title":{"rendered":"Rusia y Assad suspenden bombardeos sobre Alepo"},"content":{"rendered":"<p>\u25cf\u00a0\u00a0\u00a0 Las autoridades rusas, aliadas de Al Assad, afirman que esta \u00absuspensi\u00f3n anticipada\u00bb busca establecer una pausa humanitaria<\/p>\n<p>  <!--more-->  <\/p>\n<p>Esto \u201cpermitir\u00e1 garantizar una salida segura de civiles por seis corredores y preparar la evacuaci\u00f3n de enfermos y heridos de la parte oriental de Alepo\u201d.<br \/>El ministro de Defensa ruso, Sergei Shoigu, anunci\u00f3 ayer que Rusia y Siria suspenden los ataques a\u00e9reos en la zona de Alepo a partir de las 10.00 horas. Atribuy\u00f3 la decisi\u00f3n de esta \u00absuspensi\u00f3n anticipada\u00bb de los bombardeos a la necesidad de establecer una pausa humanitaria ma\u00f1ana 20 de octubre. <br \/>Occidente ha responsabilizado a Damasco y sus aliados de la escalada de hostilidades en Alepo, una violencia que, seg\u00fan la ONU, ha provocado m\u00e1s de 400 muertos y 1.400 heridos desde que el Ej\u00e9rcito sirio relanz\u00f3 su operaci\u00f3n contra terroristas del Frente al Nusra y grupos rebeldes en el este de Alepo.<br \/>El Gobierno ruso lo ve de otra forma y ha subrayado en repetidas ocasiones que el Ej\u00e9rcito de Siria ha sido el \u00fanico que acat\u00f3 las condiciones del alto el fuego de septiembre y que el mundo no debe ceder al chantaje de terroristas que retienen a los civiles como escudos humanos en el este de Alepo.<br \/>Al menos cinco personas de una familia, entre las que hab\u00eda tres menores y una mujer, fueron v\u00edctimas de los bombardeos de aviones de guerra no identificados contra la ciudad, que han durado hasta el amanecer, inform\u00f3 el Observatorio Sirio de Derechos Humanos.<br \/>Se han producido ataques en distintas partes de la urbe, como su casco antiguo y los distritos de Yamiat al Zahr\u00e1, Al Sukari, Al Fird\u00fas, Bust\u00e1n al Qasr, Al Sajur, Al Salh\u00edn, Al Kalasa y Al Zabdie.<br \/>Bombardeos similares se han registrado en el pueblo de Kafr Naha, en la periferia oeste de Alepo, sin que por el momento se hayan producido v\u00edctimas. Por su parte, grupos armados opositores han lanzado cohetes contra el \u00e1rea de Alepo Nueva, dentro de la ciudad y bajo el control de las autoridades.<\/p>\n","protected":false},"excerpt":{"rendered":"<p>\u25cf\u00a0\u00a0\u00a0 Las autoridades rusas, aliadas de Al Assad, afirman que esta \u00absuspensi\u00f3n anticipada\u00bb busca establecer una pausa humanitaria<\/p>\n","protected":false},"author":93,"featured_media":0,"comment_status":"open","ping_status":"open","sticky":false,"template":"","format":"standard","meta":{"footnotes":""},"categories":[31],"tags":[],"class_list":["post-30318","post","type-post","status-publish","format-standard","hentry","category-orbe"],"_links":{"self":[{"href":"https:\/\/plazajuarez.mx\/historico\/wp-json\/wp\/v2\/posts\/30318","targetHints":{"allow":["GET"]}}],"collection":[{"href":"https:\/\/plazajuarez.mx\/historico\/wp-json\/wp\/v2\/posts"}],"about":[{"href":"https:\/\/plazajuarez.mx\/historico\/wp-json\/wp\/v2\/types\/post"}],"author":[{"embeddable":true,"href":"https:\/\/plazajuarez.mx\/historico\/wp-json\/wp\/v2\/users\/93"}],"replies":[{"embeddable":true,"href":"https:\/\/plazajuarez.mx\/historico\/wp-json\/wp\/v2\/comments?post=30318"}],"version-history":[{"count":0,"href":"https:\/\/plazajuarez.mx\/historico\/wp-json\/wp\/v2\/posts\/30318\/revisions"}],"wp:attachment":[{"href":"https:\/\/plazajuarez.mx\/historico\/wp-json\/wp\/v2\/media?parent=30318"}],"wp:term":[{"taxonomy":"category","embeddable":true,"href":"https:\/\/plazajuarez.mx\/historico\/wp-json\/wp\/v2\/categories?post=30318"},{"taxonomy":"post_tag","embeddable":true,"href":"https:\/\/plazajuarez.mx\/historico\/wp-json\/wp\/v2\/tags?post=30318"}],"curies":[{"name":"wp","href":"https:\/\/api.w.org\/{rel}","templated":true}]}}